{"id":2377,"date":"2026-02-20T08:29:27","date_gmt":"2026-02-20T08:29:27","guid":{"rendered":"https:\/\/eskigazeteci.com\/?p=2377"},"modified":"2026-02-20T08:29:27","modified_gmt":"2026-02-20T08:29:27","slug":"yasa-disi-bahis-operasyonunda-yakalanan-10-supheli-adliyede","status":"publish","type":"post","link":"https:\/\/eskigazeteci.com\/?p=2377","title":{"rendered":"Yasa d\u0131\u015f\u0131 bahis operasyonunda yakalanan 10 \u015f\u00fcpheli adliyede"},"content":{"rendered":"<p>\u0130stanbul Emniyet M\u00fcd\u00fcrl\u00fc\u011f\u00fc Siber Su\u00e7larla M\u00fccadele \u015eube M\u00fcd\u00fcrl\u00fc\u011f\u00fcnce, Mali Su\u00e7lar\u0131 Ara\u015ft\u0131rma Kurulu (MASAK) taraf\u0131ndan haz\u0131rlanan rapor sonras\u0131 &quot; yasa d\u0131\u015f\u0131 bahis &quot; su\u00e7uyla ilgili 17 \u015eubat&#x27;ta kent merkezli 5 ilde d\u00fczenlenen operasyonda yakalanan 10 \u015f\u00fcphelinin emniyetteki i\u015flemleri tamamland\u0131.<\/p>\n<p>\u015e\u00fcpheliler, sa\u011fl\u0131k kontrol\u00fcn\u00fcn ard\u0131ndan \u0130stanbul Anadolu Adliyesi&#x27;ne sevk edildi.<\/p>\n<p>OPERASYON<\/p>\n<p>\u0130stanbul Emniyet M\u00fcd\u00fcrl\u00fc\u011f\u00fc Siber Su\u00e7larla M\u00fccadele \u015eube M\u00fcd\u00fcrl\u00fc\u011f\u00fc ekipleri, \u0130stanbul Anadolu Cumhuriyet Ba\u015fsavc\u0131l\u0131\u011f\u0131 koordinesinde y\u00fcr\u00fctt\u00fc\u011f\u00fc \u00e7al\u0131\u015fmada, su\u00e7 tarihinde ismi &quot; Tuzlaspor &quot; olan kul\u00fcb\u00fcn eski ba\u015fkan\u0131 F.\u0130. ve y\u00f6neticilerinin yasa d\u0131\u015f\u0131 bir bahis sitesinin sahibi olduklar\u0131n\u0131, bu faaliyetlerden elde edilen su\u00e7 gelirlerini baz\u0131 spor kul\u00fcpleri \u00fczerinden aklad\u0131klar\u0131n\u0131 tespit etmi\u015fti.<\/p>\n<p>Bu \u015fekilde elde edilen gelirlerin s\u00f6z konusu spor kul\u00fcb\u00fcn\u00fcn muhasebecisi ve baz\u0131 \u00e7al\u0131\u015fanlar\u0131n\u0131n banka hesaplar\u0131 arac\u0131l\u0131\u011f\u0131yla kul\u00fcp hesaplar\u0131na aktar\u0131ld\u0131\u011f\u0131n\u0131 belirleyen ekipler, \u0130stanbul, Ankara, \u0130zmir, Hatay ve Diyarbak\u0131r&#x27;daki adreslere e\u015f zamanl\u0131 operasyon d\u00fczenlemi\u015fti.<\/p>\n<p>Operasyonda 10 \u015f\u00fcpheli yakalan\u0131rken &quot; Diyarbekirspor &quot; kul\u00fcb\u00fcn\u00fcn yan\u0131 s\u0131ra 3 \u015firkete, 6 araca, 3 motosiklete, 7 daireye, 6 arsaya ve 1 i\u015f yerine&#8230;<\/p>\n","protected":false},"excerpt":{"rendered":"<p>\u0130stanbul merkezli 5 ilde d\u00fczenlenen yasa d\u0131\u015f\u0131 bahis operasyonunda g\u00f6zalt\u0131na al\u0131nan 10 \u015f\u00fcpheli adliyeye sevk edildi.<\/p>\n","protected":false},"author":2,"featured_media":2376,"comment_status":"open","ping_status":"open","sticky":false,"template":"","format":"standard","meta":{"footnotes":""},"categories":[8,6,5],"tags":[],"class_list":["post-2377","post","type-post","status-publish","format-standard","has-post-thumbnail","hentry","category-arsiv","category-gundem","category-son-dakika"],"_links":{"self":[{"href":"https:\/\/eskigazeteci.com\/index.php?rest_route=\/wp\/v2\/posts\/2377","targetHints":{"allow":["GET"]}}],"collection":[{"href":"https:\/\/eskigazeteci.com\/index.php?rest_route=\/wp\/v2\/posts"}],"about":[{"href":"https:\/\/eskigazeteci.com\/index.php?rest_route=\/wp\/v2\/types\/post"}],"author":[{"embeddable":true,"href":"https:\/\/eskigazeteci.com\/index.php?rest_route=\/wp\/v2\/users\/2"}],"replies":[{"embeddable":true,"href":"https:\/\/eskigazeteci.com\/index.php?rest_route=%2Fwp%2Fv2%2Fcomments&post=2377"}],"version-history":[{"count":0,"href":"https:\/\/eskigazeteci.com\/index.php?rest_route=\/wp\/v2\/posts\/2377\/revisions"}],"wp:featuredmedia":[{"embeddable":true,"href":"https:\/\/eskigazeteci.com\/index.php?rest_route=\/wp\/v2\/media\/2376"}],"wp:attachment":[{"href":"https:\/\/eskigazeteci.com\/index.php?rest_route=%2Fwp%2Fv2%2Fmedia&parent=2377"}],"wp:term":[{"taxonomy":"category","embeddable":true,"href":"https:\/\/eskigazeteci.com\/index.php?rest_route=%2Fwp%2Fv2%2Fcategories&post=2377"},{"taxonomy":"post_tag","embeddable":true,"href":"https:\/\/eskigazeteci.com\/index.php?rest_route=%2Fwp%2Fv2%2Ftags&post=2377"}],"curies":[{"name":"wp","href":"https:\/\/api.w.org\/{rel}","templated":true}]}}