{"id":2375,"date":"2026-02-20T08:27:56","date_gmt":"2026-02-20T08:27:56","guid":{"rendered":"https:\/\/eskigazeteci.com\/?p=2375"},"modified":"2026-02-20T08:27:56","modified_gmt":"2026-02-20T08:27:56","slug":"kenan-yildizin-telefon-gundem-oldu","status":"publish","type":"post","link":"https:\/\/eskigazeteci.com\/?p=2375","title":{"rendered":"Kenan Y\u0131ld\u0131z&#8217;\u0131n telefon g\u00fcndem oldu"},"content":{"rendered":"<p>Galatasaray , UEFA \u015eampiyonlar Ligi son 16 play-off turunda sahas\u0131nda konuk etti\u011fi Juventus \u2019u 5-2 yenerek tarihi bir zafere imza atarken, \u0130talyan temsilcisinde milli futbolcu Kenan Y\u0131ld\u0131z da forma giydi.<\/p>\n<p>Kar\u015f\u0131la\u015fma sonras\u0131 RAMS Park\u2019tan ayr\u0131l\u0131rken g\u00f6r\u00fcnt\u00fclenen 20 ya\u015f\u0131ndaki futbolcunun cep telefonundaki bir ayr\u0131nt\u0131 sosyal medyada \u00e7ok konu\u015fuldu. Telefonun duvar ka\u011f\u0131d\u0131nda K\u00e2be foto\u011fraf\u0131 ile Bakara Suresi\u2019nden \u201cSiz beni an\u0131n ki ben de sizi anay\u0131m. Bana \u015f\u00fckredin, bana nank\u00f6rl\u00fck etmeyin\u201d ayetinin yer ald\u0131\u011f\u0131 g\u00f6r\u00fcld\u00fc.<\/p>\n<p>T\u00fcrkiye&#x27;den ve D\u00fcnya\u2019dan son dakika haberleri, k\u00f6\u015fe yaz\u0131lar\u0131, magazinden siyasete, spordan seyahate b\u00fct\u00fcn konular\u0131n tek adresi Hurriyet.com.tr haber i\u00e7erikleri izin al\u0131nmadan, kaynak g\u00f6sterilerek dahi iktibas edilemez. Kanuna ayk\u0131r\u0131 ve izinsiz olarak kopyalanamaz, ba\u015fka yerde yay\u0131nlanamaz.<\/p>\n","protected":false},"excerpt":{"rendered":"<p>Juventus\u2019ta forma giyen Kenan Y\u0131ld\u0131z, Galatasaray ma\u00e7\u0131 sonras\u0131 stadyumdan ayr\u0131l\u0131rken \u00e7ekilen foto\u011fraf\u0131yla sosyal medyada g\u00fcndem oldu.<\/p>\n","protected":false},"author":2,"featured_media":2374,"comment_status":"open","ping_status":"open","sticky":false,"template":"","format":"standard","meta":{"footnotes":""},"categories":[8,6,5],"tags":[],"class_list":["post-2375","post","type-post","status-publish","format-standard","has-post-thumbnail","hentry","category-arsiv","category-gundem","category-son-dakika"],"_links":{"self":[{"href":"https:\/\/eskigazeteci.com\/index.php?rest_route=\/wp\/v2\/posts\/2375","targetHints":{"allow":["GET"]}}],"collection":[{"href":"https:\/\/eskigazeteci.com\/index.php?rest_route=\/wp\/v2\/posts"}],"about":[{"href":"https:\/\/eskigazeteci.com\/index.php?rest_route=\/wp\/v2\/types\/post"}],"author":[{"embeddable":true,"href":"https:\/\/eskigazeteci.com\/index.php?rest_route=\/wp\/v2\/users\/2"}],"replies":[{"embeddable":true,"href":"https:\/\/eskigazeteci.com\/index.php?rest_route=%2Fwp%2Fv2%2Fcomments&post=2375"}],"version-history":[{"count":0,"href":"https:\/\/eskigazeteci.com\/index.php?rest_route=\/wp\/v2\/posts\/2375\/revisions"}],"wp:featuredmedia":[{"embeddable":true,"href":"https:\/\/eskigazeteci.com\/index.php?rest_route=\/wp\/v2\/media\/2374"}],"wp:attachment":[{"href":"https:\/\/eskigazeteci.com\/index.php?rest_route=%2Fwp%2Fv2%2Fmedia&parent=2375"}],"wp:term":[{"taxonomy":"category","embeddable":true,"href":"https:\/\/eskigazeteci.com\/index.php?rest_route=%2Fwp%2Fv2%2Fcategories&post=2375"},{"taxonomy":"post_tag","embeddable":true,"href":"https:\/\/eskigazeteci.com\/index.php?rest_route=%2Fwp%2Fv2%2Ftags&post=2375"}],"curies":[{"name":"wp","href":"https:\/\/api.w.org\/{rel}","templated":true}]}}