{"id":2371,"date":"2026-02-20T08:21:03","date_gmt":"2026-02-20T08:21:03","guid":{"rendered":"https:\/\/eskigazeteci.com\/?p=2371"},"modified":"2026-02-20T08:21:03","modified_gmt":"2026-02-20T08:21:03","slug":"suriyeden-turkiye-sinirindaki-2-gumruk-kapisini-kapatma-karari","status":"publish","type":"post","link":"https:\/\/eskigazeteci.com\/?p=2371","title":{"rendered":"Suriye&#8217;den T\u00fcrkiye s\u0131n\u0131r\u0131ndaki 2 g\u00fcmr\u00fck kap\u0131s\u0131n\u0131 kapatma karar\u0131"},"content":{"rendered":"<p>\u015eam B\u00fcy\u00fckel\u00e7ili\u011fi taraf\u0131ndan Ticaret Bakanl\u0131\u011f\u0131&#x27;na g\u00f6nderilen yaz\u0131da, Hatay &#x27;\u0131n Kumlu il\u00e7esinde bulunan Zeytindal\u0131 G\u00fcmr\u00fck Kap\u0131s\u0131 kar\u015f\u0131s\u0131ndaki Hammam ile \u015eanl\u0131urfa &#x27;n\u0131n Ceylanp\u0131nar il\u00e7esindeki Ceylanp\u0131nar G\u00fcmr\u00fck Kap\u0131s\u0131 kar\u015f\u0131s\u0131ndaki Ras al-Ayn g\u00fcmr\u00fck kap\u0131lar\u0131n\u0131n ba\u015fta mali sebepler olmak \u00fczere, i\u015fletme giderleri ve alternatif kap\u0131lar\u0131n yak\u0131nl\u0131\u011f\u0131 nedeniyle \u015fubat ay\u0131 sonu itibar\u0131yla kapat\u0131laca\u011f\u0131 bildirildi. Hatay s\u0131n\u0131r\u0131ndaki Reyhanl\u0131 Ticaret ve Sanayi Odas\u0131 Ba\u015fkan\u0131 Necmettin Zaro\u011flu, al\u0131nan bu karar\u0131n b\u00f6lge ticaretini sekteye u\u011frataca\u011f\u0131n\u0131 belirterek yeniden g\u00f6zden ge\u00e7irilmesi i\u00e7in \u00e7a\u011fr\u0131s\u0131 yapt\u0131.<\/p>\n<p>&#x27;T\u0130CARET\u0130N SEKTEYE U\u011eRAMASI DEMEK&#x27;<\/p>\n<p>Necmettin Zaro\u011flu, karar\u0131n Suriye Arap Cumhuriyeti taraf\u0131ndan tek tarafl\u0131 al\u0131nd\u0131\u011f\u0131n\u0131 belirterek, \u015funlar\u0131 dile getirdi:<\/p>\n<p>\u201cZeytindal\u0131 G\u00fcmr\u00fck Kap\u0131s\u0131\u2019n\u0131n kapat\u0131lmas\u0131 b\u00f6lge ticaretinin, ekonomisinin, ticaretin sekteye u\u011framas\u0131 demektir. Bizler Ticaret ve Sanayi odalar\u0131 olarak, b\u00f6lgemizin lokomotifi olan d\u0131\u015f ticaret firmalar\u0131m\u0131z\u0131n ticarette, lojistikte s\u0131k\u0131nt\u0131 ya\u015famamalar\u0131 i\u00e7in bu karar\u0131 tekrar\u0131n g\u00f6zden ge\u00e7irilmesini istiyoruz. Ge\u00e7irilmezse \u015fu an Cilveg\u00f6z\u00fc G\u00fcmr\u00fck Kap\u0131s\u0131&#x27;ndaki yo\u011funluktan dolay\u0131 bu b\u00f6lgedeki ticaretin sekteye u\u011frayaca\u011f\u0131n\u0131 belirtmek istiyoruz&#8230;.<\/p>\n","protected":false},"excerpt":{"rendered":"<p>Suriye h\u00fck\u00fcmeti, Hatay\u2019daki Zeytindal\u0131 G\u00fcmr\u00fck Kap\u0131s\u0131 kar\u015f\u0131s\u0131ndaki Hammam ile \u015eanl\u0131urfa&#8217;daki Ceylanp\u0131nar G\u00fcmr\u00fck Kap\u0131s\u0131 kar\u015f\u0131s\u0131nda bulunan Ras al-Ayn g\u00fcmr\u00fck&#8230;<\/p>\n","protected":false},"author":2,"featured_media":2370,"comment_status":"open","ping_status":"open","sticky":false,"template":"","format":"standard","meta":{"footnotes":""},"categories":[8,6,5],"tags":[],"class_list":["post-2371","post","type-post","status-publish","format-standard","has-post-thumbnail","hentry","category-arsiv","category-gundem","category-son-dakika"],"_links":{"self":[{"href":"https:\/\/eskigazeteci.com\/index.php?rest_route=\/wp\/v2\/posts\/2371","targetHints":{"allow":["GET"]}}],"collection":[{"href":"https:\/\/eskigazeteci.com\/index.php?rest_route=\/wp\/v2\/posts"}],"about":[{"href":"https:\/\/eskigazeteci.com\/index.php?rest_route=\/wp\/v2\/types\/post"}],"author":[{"embeddable":true,"href":"https:\/\/eskigazeteci.com\/index.php?rest_route=\/wp\/v2\/users\/2"}],"replies":[{"embeddable":true,"href":"https:\/\/eskigazeteci.com\/index.php?rest_route=%2Fwp%2Fv2%2Fcomments&post=2371"}],"version-history":[{"count":0,"href":"https:\/\/eskigazeteci.com\/index.php?rest_route=\/wp\/v2\/posts\/2371\/revisions"}],"wp:featuredmedia":[{"embeddable":true,"href":"https:\/\/eskigazeteci.com\/index.php?rest_route=\/wp\/v2\/media\/2370"}],"wp:attachment":[{"href":"https:\/\/eskigazeteci.com\/index.php?rest_route=%2Fwp%2Fv2%2Fmedia&parent=2371"}],"wp:term":[{"taxonomy":"category","embeddable":true,"href":"https:\/\/eskigazeteci.com\/index.php?rest_route=%2Fwp%2Fv2%2Fcategories&post=2371"},{"taxonomy":"post_tag","embeddable":true,"href":"https:\/\/eskigazeteci.com\/index.php?rest_route=%2Fwp%2Fv2%2Ftags&post=2371"}],"curies":[{"name":"wp","href":"https:\/\/api.w.org\/{rel}","templated":true}]}}