{"id":2369,"date":"2026-02-20T08:19:28","date_gmt":"2026-02-20T08:19:28","guid":{"rendered":"https:\/\/eskigazeteci.com\/?p=2369"},"modified":"2026-02-20T08:19:28","modified_gmt":"2026-02-20T08:19:28","slug":"kuzey-kore-lideri-kim-5-yillik-hedeflerin-basariya-ulastigini-duyurdu","status":"publish","type":"post","link":"https:\/\/eskigazeteci.com\/?p=2369","title":{"rendered":"Kuzey Kore lideri Kim, 5 y\u0131ll\u0131k hedeflerin ba\u015far\u0131ya ula\u015ft\u0131\u011f\u0131n\u0131 duyurdu"},"content":{"rendered":"<p>Kim, ba\u015fkent Pyongyang &#x27;da be\u015f y\u0131l aradan sonra d\u00fczenlenen Kore \u0130\u015f\u00e7i Partisi 9. Kongresi&#x27;nin a\u00e7\u0131l\u0131\u015f\u0131nda konu\u015ftu.<\/p>\n<p>\u0130ktidar\u0131n\u0131n 15. y\u0131l\u0131na giren Kim, konu\u015fmas\u0131nda 2021&#x27;den bu yana \u00f6zellikle ekonomide \u00f6nemli ilerleme sa\u011fland\u0131\u011f\u0131n\u0131 ve \u00fclkenin &quot;geri d\u00f6nd\u00fcr\u00fclemez bi\u00e7imde g\u00fc\u00e7lendi\u011fini&quot; savundu.<\/p>\n<p>Son be\u015f y\u0131l\u0131 &quot;en k\u00f6t\u00fc zorluklar\u0131n a\u015f\u0131ld\u0131\u011f\u0131, onurlu bir d\u00f6nem&quot; olarak nitelendiren Kim, yeni d\u00f6nem i\u00e7in de d\u0131\u015f yard\u0131ma ihtiya\u00e7 duymadan ekonomik kalk\u0131nmay\u0131 hedefleyen yeni bir be\u015f y\u0131ll\u0131k ekonomik plan vurgusu yapt\u0131.<\/p>\n<p>YEN\u0130 NES\u0130L S\u0130LAH HAMLES\u0130 S\u00dcRECEK<\/p>\n<p>Ayr\u0131ca Kim, \u00fclkenin savunma kapasitesini art\u0131rmak i\u00e7in yapay zeka destekli f\u00fcze sistemleri ve yeni nesil silahlar\u0131n geli\u015ftirilmeye devam edilece\u011fini s\u00f6yledi.<\/p>\n<p>Kongre haz\u0131rl\u0131klar\u0131 kapsam\u0131nda merkez komitenin son be\u015f y\u0131ll\u0131k \u00e7al\u0131\u015fmalar\u0131 analiz etmek i\u00e7in inceleme ekipleri kurdu\u011funu ve delegelerin niteliklerinin s\u0131k\u0131 bi\u00e7imde denetlendi\u011fini dile getiren Kim, toplant\u0131ya ise toplam 5 bin delegenin ve 2 bin g\u00f6zlemcinin kat\u0131ld\u0131\u011f\u0131 bilgisini payla\u015ft\u0131.<\/p>\n<p>Kovid-19 salg\u0131n\u0131 ve ba\u015far\u0131s\u0131z diplomasi giri\u015fimleri nedeniyle 2021&#x27;de ba\u015far\u0131s\u0131zl\u0131k itiraf\u0131nda bulunan Kim, be\u015f y\u0131ll\u0131k yeni bir plan \u00e7a\u011fr\u0131s\u0131 yapm\u0131\u015ft\u0131.<\/p>\n<p>Kore \u0130\u015f\u00e7i Partisinin en \u00fcst d\u00fczey karar organ\u0131 olan Kongre , en&#8230;<\/p>\n","protected":false},"excerpt":{"rendered":"<p>Kuzey Kore lideri Kim Jong Un, 5 y\u0131l \u00f6nce belirlenen siyaset, ekonomi, ulusal savunma, k\u00fclt\u00fcr ve diplomasi dahil t\u00fcm alanlardaki hedeflerin ba\u015far\u0131yla&#8230;<\/p>\n","protected":false},"author":2,"featured_media":2368,"comment_status":"open","ping_status":"open","sticky":false,"template":"","format":"standard","meta":{"footnotes":""},"categories":[8,6,5],"tags":[],"class_list":["post-2369","post","type-post","status-publish","format-standard","has-post-thumbnail","hentry","category-arsiv","category-gundem","category-son-dakika"],"_links":{"self":[{"href":"https:\/\/eskigazeteci.com\/index.php?rest_route=\/wp\/v2\/posts\/2369","targetHints":{"allow":["GET"]}}],"collection":[{"href":"https:\/\/eskigazeteci.com\/index.php?rest_route=\/wp\/v2\/posts"}],"about":[{"href":"https:\/\/eskigazeteci.com\/index.php?rest_route=\/wp\/v2\/types\/post"}],"author":[{"embeddable":true,"href":"https:\/\/eskigazeteci.com\/index.php?rest_route=\/wp\/v2\/users\/2"}],"replies":[{"embeddable":true,"href":"https:\/\/eskigazeteci.com\/index.php?rest_route=%2Fwp%2Fv2%2Fcomments&post=2369"}],"version-history":[{"count":0,"href":"https:\/\/eskigazeteci.com\/index.php?rest_route=\/wp\/v2\/posts\/2369\/revisions"}],"wp:featuredmedia":[{"embeddable":true,"href":"https:\/\/eskigazeteci.com\/index.php?rest_route=\/wp\/v2\/media\/2368"}],"wp:attachment":[{"href":"https:\/\/eskigazeteci.com\/index.php?rest_route=%2Fwp%2Fv2%2Fmedia&parent=2369"}],"wp:term":[{"taxonomy":"category","embeddable":true,"href":"https:\/\/eskigazeteci.com\/index.php?rest_route=%2Fwp%2Fv2%2Fcategories&post=2369"},{"taxonomy":"post_tag","embeddable":true,"href":"https:\/\/eskigazeteci.com\/index.php?rest_route=%2Fwp%2Fv2%2Ftags&post=2369"}],"curies":[{"name":"wp","href":"https:\/\/api.w.org\/{rel}","templated":true}]}}