{"id":2365,"date":"2026-02-20T08:14:07","date_gmt":"2026-02-20T08:14:07","guid":{"rendered":"https:\/\/eskigazeteci.com\/?p=2365"},"modified":"2026-02-20T08:14:07","modified_gmt":"2026-02-20T08:14:07","slug":"6-subat-depremlerinden-sonra-hatayda-radon-gazi-cikislari-gozlendi-deprem-oncesi-bir-tahmin-icin-kullanilabilir","status":"publish","type":"post","link":"https:\/\/eskigazeteci.com\/?p=2365","title":{"rendered":"6 \u015eubat depremlerinden sonra Hatay&#8217;da &#8216;radon gaz\u0131&#8217; \u00e7\u0131k\u0131\u015flar\u0131 g\u00f6zlendi! &#8216;Deprem \u00f6ncesi bir tahmin i\u00e7in kullan\u0131labilir&#8217;"},"content":{"rendered":"<p>Sel\u00e7uk \u00dcniversitesi Fen Fak\u00fcltesi Fizik B\u00f6l\u00fcm\u00fc&#x27;nden Prof. Dr. Mehmet Erdo\u011fan ba\u015fkanl\u0131\u011f\u0131nda Prof. Dr. \u00dclfet Atav, Prof. Dr. Kaan Manisa ve Prof. Dr. Ayla Bozda\u011f\u2019\u0131n katk\u0131lar\u0131yla &#x27;6 \u015eubat 2023&#x27;te Pazarc\u0131k ve Elbistan Merkezli 7.7 ve 7.6 B\u00fcy\u00fckl\u00fc\u011f\u00fcndeki Depremlerin Hatay B\u00f6lgesindeki Termal Sularda Olas\u0131 Radon Anomalilerine Etkisi&#x27; ba\u015fl\u0131kl\u0131 T\u00dcB\u0130TAK projesi ile depremlerden sonra b\u00f6lgedeki radon gaz\u0131 aktiviteleri tespit edildi. \u00c7al\u0131\u015fmada; iki su kayna\u011f\u0131nda g\u00f6zlemlenen radon aktivitesi, \u00f6l\u00e7\u00fcmler aras\u0131nda yakla\u015f\u0131k 5 kat de\u011fi\u015fti\u011fi g\u00f6zlendi. Radon aktivitesindeki bu \u00f6nemli de\u011fi\u015fikliklerin b\u00f6lgedeki sismik aktivite ile ili\u015fkili oldu\u011fu saptand\u0131. Su kaynaklar\u0131nda g\u00f6zlemlenen radon anomalileri, b\u00f6lgede gelecekte meydana gelebilecek olas\u0131 depremlerin tahmininde faydal\u0131 olabilece\u011fi kanaatine var\u0131ld\u0131.<\/p>\n<p>&quot;S\u0130GARADAN SONRA AKC\u0130\u011eER KANSER\u0130N\u0130N B\u0130R\u0130NC\u0130 SEBEB\u0130&quot;<\/p>\n<p>Radyoaktif bir gaz olan radon gaz\u0131n\u0131n insan sa\u011fl\u0131\u011f\u0131na etkilerine i\u015faret eden Prof. Dr. Mehmet Erdo\u011fan &quot;Radon gaz\u0131 yerk\u00fcre kaynakl\u0131 bir jeojenik gazd\u0131r. Yerk\u00fcredeki uranyum i\u00e7eri\u011finden kaynaklan\u0131r. Radon gaz\u0131, yerk\u00fcredeki do\u011fal uranyumun radyoaktif bozulma zincirinde yer alan bir gazd\u0131r. Bu gaz yerk\u00fcreden atmosfere \u00e7\u0131kar, yal\u0131t\u0131lmam\u0131\u015f binalar\u0131n&#8230;<\/p>\n","protected":false},"excerpt":{"rendered":"<p>Konya&#8217;da Sel\u00e7uk \u00dcniversitesi Fen Fak\u00fcltesi&#8217;nden Prof. Dr. Mehmet Erdo\u011fan ba\u015fkanl\u0131\u011f\u0131nda T\u00dcB\u0130TAK&#8217;a yap\u0131lan ara\u015ft\u0131rmada; Kahramanmara\u015f depremlerinin ard\u0131ndan&#8230;<\/p>\n","protected":false},"author":2,"featured_media":2364,"comment_status":"open","ping_status":"open","sticky":false,"template":"","format":"standard","meta":{"footnotes":""},"categories":[8,6,5],"tags":[],"class_list":["post-2365","post","type-post","status-publish","format-standard","has-post-thumbnail","hentry","category-arsiv","category-gundem","category-son-dakika"],"_links":{"self":[{"href":"https:\/\/eskigazeteci.com\/index.php?rest_route=\/wp\/v2\/posts\/2365","targetHints":{"allow":["GET"]}}],"collection":[{"href":"https:\/\/eskigazeteci.com\/index.php?rest_route=\/wp\/v2\/posts"}],"about":[{"href":"https:\/\/eskigazeteci.com\/index.php?rest_route=\/wp\/v2\/types\/post"}],"author":[{"embeddable":true,"href":"https:\/\/eskigazeteci.com\/index.php?rest_route=\/wp\/v2\/users\/2"}],"replies":[{"embeddable":true,"href":"https:\/\/eskigazeteci.com\/index.php?rest_route=%2Fwp%2Fv2%2Fcomments&post=2365"}],"version-history":[{"count":0,"href":"https:\/\/eskigazeteci.com\/index.php?rest_route=\/wp\/v2\/posts\/2365\/revisions"}],"wp:featuredmedia":[{"embeddable":true,"href":"https:\/\/eskigazeteci.com\/index.php?rest_route=\/wp\/v2\/media\/2364"}],"wp:attachment":[{"href":"https:\/\/eskigazeteci.com\/index.php?rest_route=%2Fwp%2Fv2%2Fmedia&parent=2365"}],"wp:term":[{"taxonomy":"category","embeddable":true,"href":"https:\/\/eskigazeteci.com\/index.php?rest_route=%2Fwp%2Fv2%2Fcategories&post=2365"},{"taxonomy":"post_tag","embeddable":true,"href":"https:\/\/eskigazeteci.com\/index.php?rest_route=%2Fwp%2Fv2%2Ftags&post=2365"}],"curies":[{"name":"wp","href":"https:\/\/api.w.org\/{rel}","templated":true}]}}