{"id":2363,"date":"2026-02-20T08:12:35","date_gmt":"2026-02-20T08:12:35","guid":{"rendered":"https:\/\/eskigazeteci.com\/?p=2363"},"modified":"2026-02-20T08:12:35","modified_gmt":"2026-02-20T08:12:35","slug":"tezgahlarda-yerini-aldi-sadece-bir-ay-bulunabiliyor-93-yildir-yapiliyor-bursaya-ozgu","status":"publish","type":"post","link":"https:\/\/eskigazeteci.com\/?p=2363","title":{"rendered":"Tezgahlarda yerini ald\u0131: Sadece bir ay bulunabiliyor! &#8217;93 y\u0131ld\u0131r yap\u0131l\u0131yor, Bursa&#8217;ya \u00f6zg\u00fc&#8217;"},"content":{"rendered":"<p>Kentte 1933 y\u0131l\u0131nda Rum f\u0131r\u0131nc\u0131 kalfas\u0131, i\u015flerin azalmas\u0131 nedeniyle ramazan ay\u0131nda i\u015ften \u00e7\u0131kar\u0131lmamak i\u00e7in \u015fekilli po\u011fa\u00e7alar \u00fcretti. Rum kalfan\u0131n, o y\u0131llarda oyuncaklar\u0131 olmayan \u00e7ocuklar\u0131n ilgisini \u00e7ekmek ve tekne orucu tutan k\u00fc\u00e7\u00fckleri oruca te\u015fvik etmek i\u00e7in telefon ahizesi, tabanca, k\u0131l\u0131\u00e7 ve testi \u015feklini verdi\u011fi po\u011fa\u00e7alar ilgi g\u00f6rd\u00fc. Sadi Seymen&#x27;in yapt\u0131\u011f\u0131 Bursa&#x27;ya \u00f6zg\u00fc po\u011fa\u00e7alar, her y\u0131l ramazan ay\u0131nda \u00fcretilip, sat\u0131\u015fa sunuldu. 93 y\u0131ld\u0131r s\u00fcren gelenek, \u015fimdi o ustan\u0131n 3&#x27;\u00fcnc\u00fc ku\u015fak torunu olan \u015eeref Seymen taraf\u0131ndan gelecek nesillere aktar\u0131l\u0131yor.<\/p>\n<p>D\u00fckkan sahibi Seymen, dedesinin ve babas\u0131n\u0131n i\u015fletti\u011fi f\u0131r\u0131nda tezgah arkas\u0131na ge\u00e7erek, \u00e7ocukken izleyip g\u00f6rd\u00fc\u011f\u00fc iftariyelikleri, \u015fimdi \u00e7ocuklar i\u00e7in kendisi yap\u0131p sat\u0131yor.<\/p>\n<p>&#x27;RAMAZANA HAS, BURSA&#x27;YA \u00d6ZG\u00dc&#x27;<\/p>\n<p>D\u00fckkan sahibi \u015eeref Seymen&#x27;e e\u015flik eden f\u0131r\u0131n ustas\u0131 Sat\u0131lm\u0131\u015f Uyar da &quot;Ben burada 26 senedir \u00e7al\u0131\u015f\u0131yorum. Ramazana has, Bursa &#x27;ya \u00f6zel po\u011fa\u00e7alarla yapt\u0131\u011f\u0131m telefon, tabanca ve k\u0131l\u0131\u00e7 gibi oyuncaklarla \u00e7ocuklar\u0131 oruca te\u015fvik ediyoruz. Bunun gelecek nesillere de aktar\u0131lmas\u0131n\u0131 istiyoruz&quot; dedi.<\/p>\n<p>T\u00fcrkiye g\u00fcndeminden son dakika haberleri, bug\u00fcn ya\u015fanan en son geli\u015fmeler, siyaset g\u00fcndeminden g\u00fcncel haberler ve b\u00fct\u00fcn son dakika haberleri&#8230;<\/p>\n","protected":false},"excerpt":{"rendered":"<p>Bursa&#8217;da Rum f\u0131r\u0131nc\u0131 kalfas\u0131n\u0131n ramazanda i\u015fsiz kalmamak i\u00e7in \u00fcretti\u011fi \u015fekilli po\u011fa\u00e7alar, zamanla gelenek haline geldi ve ustas\u0131 taraf\u0131ndan her y\u0131l&#8230;<\/p>\n","protected":false},"author":2,"featured_media":2362,"comment_status":"open","ping_status":"open","sticky":false,"template":"","format":"standard","meta":{"footnotes":""},"categories":[8,6,5],"tags":[],"class_list":["post-2363","post","type-post","status-publish","format-standard","has-post-thumbnail","hentry","category-arsiv","category-gundem","category-son-dakika"],"_links":{"self":[{"href":"https:\/\/eskigazeteci.com\/index.php?rest_route=\/wp\/v2\/posts\/2363","targetHints":{"allow":["GET"]}}],"collection":[{"href":"https:\/\/eskigazeteci.com\/index.php?rest_route=\/wp\/v2\/posts"}],"about":[{"href":"https:\/\/eskigazeteci.com\/index.php?rest_route=\/wp\/v2\/types\/post"}],"author":[{"embeddable":true,"href":"https:\/\/eskigazeteci.com\/index.php?rest_route=\/wp\/v2\/users\/2"}],"replies":[{"embeddable":true,"href":"https:\/\/eskigazeteci.com\/index.php?rest_route=%2Fwp%2Fv2%2Fcomments&post=2363"}],"version-history":[{"count":0,"href":"https:\/\/eskigazeteci.com\/index.php?rest_route=\/wp\/v2\/posts\/2363\/revisions"}],"wp:featuredmedia":[{"embeddable":true,"href":"https:\/\/eskigazeteci.com\/index.php?rest_route=\/wp\/v2\/media\/2362"}],"wp:attachment":[{"href":"https:\/\/eskigazeteci.com\/index.php?rest_route=%2Fwp%2Fv2%2Fmedia&parent=2363"}],"wp:term":[{"taxonomy":"category","embeddable":true,"href":"https:\/\/eskigazeteci.com\/index.php?rest_route=%2Fwp%2Fv2%2Fcategories&post=2363"},{"taxonomy":"post_tag","embeddable":true,"href":"https:\/\/eskigazeteci.com\/index.php?rest_route=%2Fwp%2Fv2%2Ftags&post=2363"}],"curies":[{"name":"wp","href":"https:\/\/api.w.org\/{rel}","templated":true}]}}