{"id":2361,"date":"2026-02-20T08:11:03","date_gmt":"2026-02-20T08:11:03","guid":{"rendered":"https:\/\/eskigazeteci.com\/?p=2361"},"modified":"2026-02-20T08:11:03","modified_gmt":"2026-02-20T08:11:03","slug":"sislideki-9-katli-binada-cikan-yangin-sonduruldu","status":"publish","type":"post","link":"https:\/\/eskigazeteci.com\/?p=2361","title":{"rendered":"\u015ei\u015fli&#8217;deki 9 katl\u0131 binada \u00e7\u0131kan yang\u0131n s\u00f6nd\u00fcr\u00fcld\u00fc"},"content":{"rendered":"<p>\u0130n\u00f6n\u00fc Mahallesi Cumhuriyet Caddesi&#x27;nde 9 katl\u0131 binan\u0131n \u00e7at\u0131s\u0131nda hen\u00fcz bilinmeyen nedenle yang\u0131n \u00e7\u0131kt\u0131.<\/p>\n<p>\u0130hbar \u00fczerine b\u00f6lgeye polis, itfaiye ve sa\u011fl\u0131k ekipleri sevk edildi.<\/p>\n<p>Polis, caddeyi trafi\u011fe kapat\u0131p g\u00fcvenlik \u00f6nlemi ald\u0131.<\/p>\n<p>\u0130tfaiye ekiplerinin m\u00fcdahalesiyle yang\u0131n s\u00f6nd\u00fcr\u00fcld\u00fc.<\/p>\n<p>Binan\u0131n giri\u015f kat\u0131nda bulunan bir kebap\u00e7\u0131n\u0131n bacas\u0131ndan kaynakland\u0131\u011f\u0131 de\u011ferlendirilen yang\u0131n nedeniyle caddede aksayan trafik ak\u0131\u015f\u0131 normale d\u00f6nd\u00fc.<\/p>\n<p>T\u00fcrkiye g\u00fcndeminden son dakika haberleri, bug\u00fcn ya\u015fanan en son geli\u015fmeler, siyaset g\u00fcndeminden g\u00fcncel haberler ve b\u00fct\u00fcn son dakika haberleri i\u00e7in H\u00fcrriyet&#x27;in internet haber sitesi hurriyet.com.tr; Hurriyet.com.tr haber i\u00e7erikleri kaynak g\u00f6sterilmeden al\u0131nt\u0131 yap\u0131lamaz, Kanuna ayk\u0131r\u0131 ve izinsiz olarak kopyalanamaz, ba\u015fka yerde yay\u0131nlanamaz.<\/p>\n","protected":false},"excerpt":{"rendered":"<p>\u015ei\u015fli&#8217;de, 9 katl\u0131 binan\u0131n \u00e7at\u0131s\u0131nda \u00e7\u0131kan yang\u0131n itfaiye ekiplerince s\u00f6nd\u00fcr\u00fcld\u00fc.<\/p>\n","protected":false},"author":2,"featured_media":2360,"comment_status":"open","ping_status":"open","sticky":false,"template":"","format":"standard","meta":{"footnotes":""},"categories":[8,6,5],"tags":[],"class_list":["post-2361","post","type-post","status-publish","format-standard","has-post-thumbnail","hentry","category-arsiv","category-gundem","category-son-dakika"],"_links":{"self":[{"href":"https:\/\/eskigazeteci.com\/index.php?rest_route=\/wp\/v2\/posts\/2361","targetHints":{"allow":["GET"]}}],"collection":[{"href":"https:\/\/eskigazeteci.com\/index.php?rest_route=\/wp\/v2\/posts"}],"about":[{"href":"https:\/\/eskigazeteci.com\/index.php?rest_route=\/wp\/v2\/types\/post"}],"author":[{"embeddable":true,"href":"https:\/\/eskigazeteci.com\/index.php?rest_route=\/wp\/v2\/users\/2"}],"replies":[{"embeddable":true,"href":"https:\/\/eskigazeteci.com\/index.php?rest_route=%2Fwp%2Fv2%2Fcomments&post=2361"}],"version-history":[{"count":0,"href":"https:\/\/eskigazeteci.com\/index.php?rest_route=\/wp\/v2\/posts\/2361\/revisions"}],"wp:featuredmedia":[{"embeddable":true,"href":"https:\/\/eskigazeteci.com\/index.php?rest_route=\/wp\/v2\/media\/2360"}],"wp:attachment":[{"href":"https:\/\/eskigazeteci.com\/index.php?rest_route=%2Fwp%2Fv2%2Fmedia&parent=2361"}],"wp:term":[{"taxonomy":"category","embeddable":true,"href":"https:\/\/eskigazeteci.com\/index.php?rest_route=%2Fwp%2Fv2%2Fcategories&post=2361"},{"taxonomy":"post_tag","embeddable":true,"href":"https:\/\/eskigazeteci.com\/index.php?rest_route=%2Fwp%2Fv2%2Ftags&post=2361"}],"curies":[{"name":"wp","href":"https:\/\/api.w.org\/{rel}","templated":true}]}}