{"id":2331,"date":"2026-02-20T07:27:57","date_gmt":"2026-02-20T07:27:57","guid":{"rendered":"https:\/\/eskigazeteci.com\/?p=2331"},"modified":"2026-02-20T07:27:57","modified_gmt":"2026-02-20T07:27:57","slug":"nihat-kahveciden-fenerbahceye-sert-elestiri-bu-kadar-kotu-yenilemezsin","status":"publish","type":"post","link":"https:\/\/eskigazeteci.com\/?p=2331","title":{"rendered":"Nihat Kahveci&#8217;den Fenerbah\u00e7e&#8217;ye sert ele\u015ftiri! &#8216;Bu kadar k\u00f6t\u00fc yenilemezsin&#8217;"},"content":{"rendered":"<p>Fenerbah\u00e7e, UEFA Avrupa Ligi play-off turu ilk ma\u00e7\u0131nda Nottingham Forest &#x27;\u0131 konuk etti. M\u00fccadeleyi Nottingham Forest 3-0 kazand\u0131. Konuk ekip, 21. dakikada Murillo ile \u00f6ne ge\u00e7ti. Igor Jesus, 43. dakikada fark\u0131 2&#x27;ye \u00e7\u0131karan gol\u00fc kaydetti.<\/p>\n<p>Kar\u015f\u0131la\u015fman\u0131n skorunu belirleyen gol ise 50. dakikada Gibbs-White&#x27;dan geldi.<\/p>\n<p>Ma\u00e7\u0131 Kontraspor Youtube kanal\u0131na yorumlayan Nihat Kahveci&#x27;nin a\u00e7\u0131klamalar\u0131ndan \u00f6ne \u00e7\u0131kanlar \u015fu \u015fekilde&#8230;<\/p>\n<p>&quot;BU KADAR K\u00d6T\u00dc YEN\u0130LEMEZS\u0130N&quot;<\/p>\n<p>&quot;Dakika 50&#x27;de ma\u00e7 3-0 oldu, \u00f6d\u00fcm patlad\u0131. 4-5 de olabilirdi. Futbolda yenersin, berabere kal\u0131rs\u0131n, yenilirsin ama bu kadar k\u00f6t\u00fc yenilemezsin. Beni en \u00e7ok \u00fczen konulardan biri bu. \u00c7ok k\u00f6t\u00fc yenildik.&quot;<\/p>\n<p>&quot;ASTON VILLA&#x27;YA KAR\u015eI BU KADAR K\u00d6T\u00dc OYNAMADI&quot;<\/p>\n<p>&quot;Fenerbah\u00e7e, Premier Lig&#x27;in \u00fc\u00e7\u00fcnc\u00fcs\u00fc Aston Villa&#x27;ya kar\u015f\u0131 bu kadar k\u00f6t\u00fc oynamad\u0131. \u00c7ok \u00fcz\u00fcc\u00fc. Koskoca Fenerbah\u00e7e&#8230; Ya i\u00e7eride oynuyorsun&#8230; Deplasmanda bu kadar k\u00f6t\u00fc oynamazs\u0131n. \u0130lk yar\u0131da heyecanland\u0131\u011f\u0131m bir pozisyon yok.&quot;<\/p>\n<p>&quot;SANK\u0130 \u0130LK DEFA KAMPA G\u0130RM\u0130\u015eLER&quot;<\/p>\n<p>&quot;Ne oldu bu Fenerbah\u00e7e &#x27;ye? Ko\u015fard\u0131, m\u00fccadele ederdi. Bug\u00fcn o da yok! G\u00f6rd\u00fc\u011f\u00fcm Fenerbah\u00e7e tak\u0131m\u0131 neydi biliyor musunuz? Sanki bir g\u00fcn \u00f6nce kadro kurulmu\u015f, ilk defa kampa girmi\u015fler, sadece bir idman yap\u0131p ma\u00e7a \u00e7\u0131km\u0131\u015flar. Ne ofansta uyum var,&#8230;<\/p>\n","protected":false},"excerpt":{"rendered":"<p>Fenerbah\u00e7e, UEFA Avrupa Ligi play-off turu ilk ma\u00e7\u0131nda Nottingham Forest&#8217;a 3-0 ma\u011flup oldu. Nihat Kahveci, ma\u00e7\u0131n ard\u0131ndan de\u011ferlendirmelerde bulundu.<\/p>\n","protected":false},"author":2,"featured_media":2330,"comment_status":"open","ping_status":"open","sticky":false,"template":"","format":"standard","meta":{"footnotes":""},"categories":[8,5,7],"tags":[],"class_list":["post-2331","post","type-post","status-publish","format-standard","has-post-thumbnail","hentry","category-arsiv","category-son-dakika","category-spor"],"_links":{"self":[{"href":"https:\/\/eskigazeteci.com\/index.php?rest_route=\/wp\/v2\/posts\/2331","targetHints":{"allow":["GET"]}}],"collection":[{"href":"https:\/\/eskigazeteci.com\/index.php?rest_route=\/wp\/v2\/posts"}],"about":[{"href":"https:\/\/eskigazeteci.com\/index.php?rest_route=\/wp\/v2\/types\/post"}],"author":[{"embeddable":true,"href":"https:\/\/eskigazeteci.com\/index.php?rest_route=\/wp\/v2\/users\/2"}],"replies":[{"embeddable":true,"href":"https:\/\/eskigazeteci.com\/index.php?rest_route=%2Fwp%2Fv2%2Fcomments&post=2331"}],"version-history":[{"count":0,"href":"https:\/\/eskigazeteci.com\/index.php?rest_route=\/wp\/v2\/posts\/2331\/revisions"}],"wp:featuredmedia":[{"embeddable":true,"href":"https:\/\/eskigazeteci.com\/index.php?rest_route=\/wp\/v2\/media\/2330"}],"wp:attachment":[{"href":"https:\/\/eskigazeteci.com\/index.php?rest_route=%2Fwp%2Fv2%2Fmedia&parent=2331"}],"wp:term":[{"taxonomy":"category","embeddable":true,"href":"https:\/\/eskigazeteci.com\/index.php?rest_route=%2Fwp%2Fv2%2Fcategories&post=2331"},{"taxonomy":"post_tag","embeddable":true,"href":"https:\/\/eskigazeteci.com\/index.php?rest_route=%2Fwp%2Fv2%2Ftags&post=2331"}],"curies":[{"name":"wp","href":"https:\/\/api.w.org\/{rel}","templated":true}]}}