{"id":2327,"date":"2026-02-20T07:09:30","date_gmt":"2026-02-20T07:09:30","guid":{"rendered":"https:\/\/eskigazeteci.com\/?p=2327"},"modified":"2026-02-20T07:09:30","modified_gmt":"2026-02-20T07:09:30","slug":"metrodan-inemedi-basina-gelenler-sonu-oldu-istanbuldaki-akilalmaz-olumde-surucunun-ifadesi-ortaya-cikti","status":"publish","type":"post","link":"https:\/\/eskigazeteci.com\/?p=2327","title":{"rendered":"Metrodan inemedi, ba\u015f\u0131na gelenler sonu oldu! \u0130stanbul&#8217;daki ak\u0131lalmaz \u00f6l\u00fcmde s\u00fcr\u00fcc\u00fcn\u00fcn ifadesi ortaya \u00e7\u0131kt\u0131"},"content":{"rendered":"<p>Olay, 14 \u015eubat Cumartesi g\u00fcn\u00fc saat 21.35 s\u0131ralar\u0131nda Nurtepe Mahallesi\u2019nde meydana geldi. Edinilen bilgiye g\u00f6re T\u00fclay Baka\u00e7, olay g\u00fcn\u00fc \u00f6\u011fleden sonra k\u0131z\u0131 Aysun Baka\u00e7 (28) ile birlikte Sar\u0131yer\u2019de bir hastaneye gitti. So\u011fuk alg\u0131nl\u0131\u011f\u0131 nedeniyle doktorun muayene etti\u011fi Aysun Baka\u00e7, ard\u0131ndan annesiyle hastaneden ayr\u0131ld\u0131. Eczaneden ila\u00e7lar\u0131n\u0131 ald\u0131ktan sonra metroya binen anne ve k\u0131z\u0131, merkez istasyonunda inmek istedi. Aysun Baka\u00e7 metrodan indi ancak T\u00fclay Baka\u00e7 kalabal\u0131k nedeniyle inemedi. Bunun \u00fczerine T\u00fclay Baka\u00e7, bir sonraki durak olan Nurtepe istasyonunda metrodan indi.<\/p>\n<p>METRODAK\u0130 KALABALIK NEDEN\u0130YLE FARKLI \u0130STASYONDA \u0130ND\u0130<\/p>\n<p>Metrodan \u00e7\u0131kt\u0131ktan sonra kald\u0131r\u0131mdan evinde do\u011fru y\u00fcr\u00fcmeye ba\u015flayan T\u00fclay Baka\u00e7, bir s\u00fcre sonra yolun kar\u015f\u0131s\u0131na ge\u00e7mek istedi. Bu s\u0131rada 34 NFJ 304 plakal\u0131 motosikletle caddede seyreden Yasin A., Baka\u00e7\u2019a \u00e7arpt\u0131. Kaza s\u0131ras\u0131nda yere savrulan kad\u0131n ve motosiklet s\u00fcr\u00fcc\u00fcs\u00fc Yasin A. yaraland\u0131. \u0130hbar \u00fczeri olay yerine sa\u011fl\u0131k ve polis ekibi sevk edildi. Sa\u011fl\u0131k ekipleri kad\u0131na ilk m\u00fcdahaleyi olay yerinde yapt\u0131. T\u00fclay Baka\u00e7 ard\u0131ndan ambulansla k\u0131z\u0131n\u0131 muayeneye getirdi\u011fi hastaneye kald\u0131r\u0131ld\u0131.<\/p>\n<p>KAZADAN 2 SAAT SONRA TABURCU ED\u0130LD\u0130<\/p>\n<p>Acil serviste m\u00fc\u015fahade alt\u0131na al\u0131nd\u0131ktan&#8230;<\/p>\n","protected":false},"excerpt":{"rendered":"<p>Ka\u011f\u0131thane\u2019de yolun kar\u015f\u0131s\u0131na ge\u00e7ece\u011fi s\u0131rada Yasin A. (29) idaresindeki motosikletin \u00e7arpt\u0131\u011f\u0131 T\u00fclay Baka\u00e7 (47) yaraland\u0131. Bilinci a\u00e7\u0131k olan ve hayati&#8230;<\/p>\n","protected":false},"author":2,"featured_media":2326,"comment_status":"open","ping_status":"open","sticky":false,"template":"","format":"standard","meta":{"footnotes":""},"categories":[8,6,5],"tags":[],"class_list":["post-2327","post","type-post","status-publish","format-standard","has-post-thumbnail","hentry","category-arsiv","category-gundem","category-son-dakika"],"_links":{"self":[{"href":"https:\/\/eskigazeteci.com\/index.php?rest_route=\/wp\/v2\/posts\/2327","targetHints":{"allow":["GET"]}}],"collection":[{"href":"https:\/\/eskigazeteci.com\/index.php?rest_route=\/wp\/v2\/posts"}],"about":[{"href":"https:\/\/eskigazeteci.com\/index.php?rest_route=\/wp\/v2\/types\/post"}],"author":[{"embeddable":true,"href":"https:\/\/eskigazeteci.com\/index.php?rest_route=\/wp\/v2\/users\/2"}],"replies":[{"embeddable":true,"href":"https:\/\/eskigazeteci.com\/index.php?rest_route=%2Fwp%2Fv2%2Fcomments&post=2327"}],"version-history":[{"count":0,"href":"https:\/\/eskigazeteci.com\/index.php?rest_route=\/wp\/v2\/posts\/2327\/revisions"}],"wp:featuredmedia":[{"embeddable":true,"href":"https:\/\/eskigazeteci.com\/index.php?rest_route=\/wp\/v2\/media\/2326"}],"wp:attachment":[{"href":"https:\/\/eskigazeteci.com\/index.php?rest_route=%2Fwp%2Fv2%2Fmedia&parent=2327"}],"wp:term":[{"taxonomy":"category","embeddable":true,"href":"https:\/\/eskigazeteci.com\/index.php?rest_route=%2Fwp%2Fv2%2Fcategories&post=2327"},{"taxonomy":"post_tag","embeddable":true,"href":"https:\/\/eskigazeteci.com\/index.php?rest_route=%2Fwp%2Fv2%2Ftags&post=2327"}],"curies":[{"name":"wp","href":"https:\/\/api.w.org\/{rel}","templated":true}]}}