{"id":2325,"date":"2026-02-20T07:07:56","date_gmt":"2026-02-20T07:07:56","guid":{"rendered":"https:\/\/eskigazeteci.com\/?p=2325"},"modified":"2026-02-20T07:07:56","modified_gmt":"2026-02-20T07:07:56","slug":"gunluk-burc-yorumlari-20-subat-2026","status":"publish","type":"post","link":"https:\/\/eskigazeteci.com\/?p=2325","title":{"rendered":"G\u00fcnl\u00fck Bur\u00e7 Yorumlar\u0131 20 \u015eubat 2026"},"content":{"rendered":"<p>Herkes kendi hayat hik\u00e2yesinin kahraman\u0131d\u0131r.<\/p>\n<p>Ay, Ko\u00e7 burcunda ilerliyor. Enerjini bir hedefe y\u00f6nelt, cesaretle ad\u0131m at. Korkular\u0131n\u0131n \u00f6tesinde yepyeni bir sayfa var.<\/p>\n<p>Motivasyon S\u00f6z\u00fc: &quot;Beklemekten yoruldu\u011fun o an, asl\u0131nda harekete ge\u00e7men i\u00e7in verilen i\u015faret fi\u015fe\u011fidir.&quot;<\/p>\n<p>20 \u015eubat Ko\u00e7 burcu yorumu<\/p>\n<p>\u00dczerinizdeki o duygusal yo\u011funlu\u011fu ve a\u011f\u0131rl\u0131\u011f\u0131 at\u0131p, adeta k\u00fcllerinizden yeniden do\u011fmu\u015f gibi uyan\u0131yorsunuz.<\/p>\n<p>KO\u00c7 BURCU G\u00dcNL\u00dcK BUR\u00c7 YORUMUNUN DEVAMI \u0130\u00c7\u0130N TIKLAYIN!<\/p>\n<p>20 \u015eubat Bo\u011fa burcu yorumu<\/p>\n<p>D\u0131\u015f d\u00fcnyadaki g\u00fcr\u00fclt\u00fcden biraz uzakla\u015f\u0131p, kendi i\u00e7 sesinizi dinlemek ve enerjinizi toplamak isteyebilirsiniz.<\/p>\n<p>BO\u011eA BURCU G\u00dcNL\u00dcK BUR\u00c7 YORUMUNUN DEVAMI \u0130\u00c7\u0130N TIKLAYIN!<\/p>\n<p>20 \u015eubat \u0130kizler burcu yorumu<\/p>\n<p>Sosyal \u00e7evreniz hareketlenirken, arkada\u015flar\u0131n\u0131zla yapaca\u011f\u0131n\u0131z ani planlar g\u00fcn\u00fcn\u00fcze ne\u015fe katabilir.<\/p>\n<p>\u0130K\u0130ZLER BURCU G\u00dcNL\u00dcK BUR\u00c7 YORUMUNUN DEVAMI \u0130\u00c7\u0130N TIKLAYIN!<\/p>\n<p>20 \u015eubat Yenge\u00e7 burcu yorumu<\/p>\n<p>Kariyerinizde ve sorumluluklar\u0131n\u0131zda inisiyatif alman\u0131z gereken, g\u00f6zlerin \u00fczerinizde oldu\u011fu bir g\u00fcn.<\/p>\n<p>YENGE\u00c7 BURCU G\u00dcNL\u00dcK BUR\u00c7 YORUMUNUN DEVAMI \u0130\u00c7\u0130N TIKLAYIN!<\/p>\n<p>20 \u015eubat Aslan burcu yorumu<\/p>\n<p>Rutinlerinizden s\u0131k\u0131l\u0131p, s\u0131n\u0131rlar\u0131n\u0131z\u0131 a\u015fmak ve yeni ufuklara yelken a\u00e7mak isteyebilirsiniz.<\/p>\n<p>ASLAN BURCU G\u00dcNL\u00dcK BUR\u00c7 YORUMUNUN DEVAMI&#8230;<\/p>\n","protected":false},"excerpt":{"rendered":"<p>G\u00fcnl\u00fck bur\u00e7 yorumlar\u0131 20 \u015eubat 2026 Ayg\u00fcl Ayd\u0131n yorumlar\u0131yla payla\u015f\u0131ld\u0131. Ay, Ko\u00e7 burcunda ilerliyor. Bug\u00fcn a\u015fk, aile, sa\u011fl\u0131k, kariyer ve para konular\u0131nda&#8230;<\/p>\n","protected":false},"author":2,"featured_media":2324,"comment_status":"open","ping_status":"open","sticky":false,"template":"","format":"standard","meta":{"footnotes":""},"categories":[8,6,5],"tags":[],"class_list":["post-2325","post","type-post","status-publish","format-standard","has-post-thumbnail","hentry","category-arsiv","category-gundem","category-son-dakika"],"_links":{"self":[{"href":"https:\/\/eskigazeteci.com\/index.php?rest_route=\/wp\/v2\/posts\/2325","targetHints":{"allow":["GET"]}}],"collection":[{"href":"https:\/\/eskigazeteci.com\/index.php?rest_route=\/wp\/v2\/posts"}],"about":[{"href":"https:\/\/eskigazeteci.com\/index.php?rest_route=\/wp\/v2\/types\/post"}],"author":[{"embeddable":true,"href":"https:\/\/eskigazeteci.com\/index.php?rest_route=\/wp\/v2\/users\/2"}],"replies":[{"embeddable":true,"href":"https:\/\/eskigazeteci.com\/index.php?rest_route=%2Fwp%2Fv2%2Fcomments&post=2325"}],"version-history":[{"count":0,"href":"https:\/\/eskigazeteci.com\/index.php?rest_route=\/wp\/v2\/posts\/2325\/revisions"}],"wp:featuredmedia":[{"embeddable":true,"href":"https:\/\/eskigazeteci.com\/index.php?rest_route=\/wp\/v2\/media\/2324"}],"wp:attachment":[{"href":"https:\/\/eskigazeteci.com\/index.php?rest_route=%2Fwp%2Fv2%2Fmedia&parent=2325"}],"wp:term":[{"taxonomy":"category","embeddable":true,"href":"https:\/\/eskigazeteci.com\/index.php?rest_route=%2Fwp%2Fv2%2Fcategories&post=2325"},{"taxonomy":"post_tag","embeddable":true,"href":"https:\/\/eskigazeteci.com\/index.php?rest_route=%2Fwp%2Fv2%2Ftags&post=2325"}],"curies":[{"name":"wp","href":"https:\/\/api.w.org\/{rel}","templated":true}]}}