{"id":2323,"date":"2026-02-20T06:59:28","date_gmt":"2026-02-20T06:59:28","guid":{"rendered":"https:\/\/eskigazeteci.com\/?p=2323"},"modified":"2026-02-20T06:59:28","modified_gmt":"2026-02-20T06:59:28","slug":"arjantinde-halk-sokaga-dokuldu-calisma-reformu-yasa-tasarisina-protesto","status":"publish","type":"post","link":"https:\/\/eskigazeteci.com\/?p=2323","title":{"rendered":"Arjantin&#8217;de halk soka\u011fa d\u00f6k\u00fcld\u00fc: \u00c7al\u0131\u015fma reformu yasa tasar\u0131s\u0131na protesto"},"content":{"rendered":"<p>Arjantin&#x27;in ba\u015fkenti Buenos Aires\u2019te protestocular, Ulusal Kongre binas\u0131 \u00f6n\u00fcnde bir araya gelerek \u00e7al\u0131\u015fma reformu tasar\u0131s\u0131na kar\u015f\u0131 g\u00f6steri d\u00fczenledi. Temsilciler Meclisi\u2019nde ele al\u0131nmas\u0131 s\u0131ras\u0131nda protestocular ile g\u00fcvenlik g\u00fc\u00e7leri aras\u0131nda arbede ya\u015fand\u0131.<\/p>\n<p>Arjantin Genel \u0130\u015f\u00e7i Konfederasyonu\u2019nun (CGT) organize etti\u011fi 24 saatlik genel grev, \u00fclke genelinde ula\u015ft\u0131rma, bankac\u0131l\u0131k ve kamu hizmetlerini durdurma noktas\u0131na getirdi.<\/p>\n<p>\u00c7\u0131kan olaylarda 8 ki\u015fi g\u00fcvenlik g\u00fc\u00e7leri taraf\u0131ndan g\u00f6zalt\u0131na al\u0131nd\u0131.<\/p>\n<p>Parlamento \u00e7evresindeki g\u00fcvenlik bariyerlerini a\u015fmaya \u00e7al\u0131\u015fan g\u00f6stericilere polis, tazyikli su ve biber gaz\u0131yla m\u00fcdahalede bulundu.<\/p>\n<p>Baz\u0131 eylemcilerin metal \u00e7itlerin arkas\u0131nda bulunan polis kordonuna \u015fi\u015fe ve ta\u015f att\u0131\u011f\u0131 g\u00f6r\u00fcld\u00fc.<\/p>\n<p>Senato taraf\u0131ndan onaylanan \u00e7al\u0131\u015fma reformu yasa tasar\u0131s\u0131n\u0131n Temsilciler Meclisi\u2019ndeki g\u00f6r\u00fc\u015fmelerinin halen s\u00fcrd\u00fc\u011f\u00fc bildirildi.<\/p>\n<p>\u00d6te yandan, Arjantin Havayollar\u0131 Odas\u0131 verilerine g\u00f6re, havayolu \u015firketleri yakla\u015f\u0131k 400 u\u00e7u\u015fu iptal etti ve bu durumdan 64 bini a\u015fk\u0131n yolcu etkilendi.<\/p>\n<p>Arjantin&#x27;de 12 \u015eubat&#x27;ta \u00e7al\u0131\u015fma reformu yasa tasar\u0131s\u0131n\u0131n Senato&#x27;da g\u00f6r\u00fc\u015f\u00fclmesi esnas\u0131nda \u00e7\u0131kan olaylarda 12 polis yaralanm\u0131\u015f ve 71 g\u00f6sterici g\u00f6zalt\u0131na al\u0131nm\u0131\u015ft\u0131.<\/p>\n<p>\u00c7ALI\u015eMA REFORMU YASA&#8230;<\/p>\n","protected":false},"excerpt":{"rendered":"<p>Arjantin\u2019de sendikalar\u0131n \u00e7a\u011fr\u0131s\u0131yla d\u00fczenlenen genel grev kapsam\u0131nda meydanlara \u00e7\u0131kan binlerce ki\u015fi, Devlet Ba\u015fkan\u0131 Javier Milei h\u00fck\u00fcmetinin \u00e7al\u0131\u015fma reformu&#8230;<\/p>\n","protected":false},"author":2,"featured_media":2322,"comment_status":"open","ping_status":"open","sticky":false,"template":"","format":"standard","meta":{"footnotes":""},"categories":[8,6,5],"tags":[],"class_list":["post-2323","post","type-post","status-publish","format-standard","has-post-thumbnail","hentry","category-arsiv","category-gundem","category-son-dakika"],"_links":{"self":[{"href":"https:\/\/eskigazeteci.com\/index.php?rest_route=\/wp\/v2\/posts\/2323","targetHints":{"allow":["GET"]}}],"collection":[{"href":"https:\/\/eskigazeteci.com\/index.php?rest_route=\/wp\/v2\/posts"}],"about":[{"href":"https:\/\/eskigazeteci.com\/index.php?rest_route=\/wp\/v2\/types\/post"}],"author":[{"embeddable":true,"href":"https:\/\/eskigazeteci.com\/index.php?rest_route=\/wp\/v2\/users\/2"}],"replies":[{"embeddable":true,"href":"https:\/\/eskigazeteci.com\/index.php?rest_route=%2Fwp%2Fv2%2Fcomments&post=2323"}],"version-history":[{"count":0,"href":"https:\/\/eskigazeteci.com\/index.php?rest_route=\/wp\/v2\/posts\/2323\/revisions"}],"wp:featuredmedia":[{"embeddable":true,"href":"https:\/\/eskigazeteci.com\/index.php?rest_route=\/wp\/v2\/media\/2322"}],"wp:attachment":[{"href":"https:\/\/eskigazeteci.com\/index.php?rest_route=%2Fwp%2Fv2%2Fmedia&parent=2323"}],"wp:term":[{"taxonomy":"category","embeddable":true,"href":"https:\/\/eskigazeteci.com\/index.php?rest_route=%2Fwp%2Fv2%2Fcategories&post=2323"},{"taxonomy":"post_tag","embeddable":true,"href":"https:\/\/eskigazeteci.com\/index.php?rest_route=%2Fwp%2Fv2%2Ftags&post=2323"}],"curies":[{"name":"wp","href":"https:\/\/api.w.org\/{rel}","templated":true}]}}