{"id":2321,"date":"2026-02-20T06:57:55","date_gmt":"2026-02-20T06:57:55","guid":{"rendered":"https:\/\/eskigazeteci.com\/?p=2321"},"modified":"2026-02-20T06:57:55","modified_gmt":"2026-02-20T06:57:55","slug":"zorlu-sureci-atlatan-ufuk-ozkan-taburcu-oldu","status":"publish","type":"post","link":"https:\/\/eskigazeteci.com\/?p=2321","title":{"rendered":"Zorlu s\u00fcreci atlatan Ufuk \u00d6zkan taburcu oldu"},"content":{"rendered":"<p>&#x27;UMUT OLMAK, HAYAT OLMAK GER\u00c7EKTEN \u00c7OK KIYMETL\u0130&#x27;<\/p>\n<p>Organ ba\u011f\u0131\u015f\u0131na dikkat \u00e7eken \u00d6zkan, s\u00fcre\u00e7 boyunca organ bekleyen hastalara umut olmak istediklerini belirterek, don\u00f6r Salih K\u0131v\u0131rc\u0131k ile birlikte sosyal medyada bilin\u00e7lendirme payla\u015f\u0131mlar\u0131 yapt\u0131klar\u0131n\u0131 s\u00f6yledi. \u00d6zkan, \u201cElimizden geldi\u011fince organ bekleyen insanlar\u0131 y\u00fcreklendirmek istedik. \u00c7ok g\u00fczel geri d\u00f6n\u00fc\u015fler ald\u0131k. \u0130nsanlar\u0131n bu konuda hala soru i\u015faretleri var. Dini a\u00e7\u0131dan teredd\u00fct edenler ya da korkanlar oluyor. Oysa verici, yakla\u015f\u0131k bir ay i\u00e7inde karaci\u011fer hacminin b\u00fcy\u00fck b\u00f6l\u00fcm\u00fcn\u00fc yeniden kazan\u0131yor. B\u00f6brek ba\u011f\u0131\u015f\u0131nda da ki\u015fi tek b\u00f6brekle sa\u011fl\u0131kl\u0131 \u015fekilde hayat\u0131na devam edebiliyor&quot; diye konu\u015ftu.<\/p>\n<p>&#x27;TAR\u0130H\u0130 B\u0130R D\u00d6N\u00dcM NOKTASI&#x27;<\/p>\n<p>Organ ba\u011f\u0131\u015f\u0131na y\u00f6nelik fark\u0131ndal\u0131k \u00e7al\u0131\u015fmalar\u0131n\u0131 T\u00fcrkiye genelinde yaymay\u0131 hedeflediklerini belirten \u00d6zkan, eski Sa\u011fl\u0131k Bakan\u0131 Fahrettin Koca&#x27;n\u0131n da destek verdi\u011fini ifade etti. 3 \u015eubat&#x27;ta ger\u00e7ekle\u015fen ve 11 saat s\u00fcren ameliyat\u0131n kendisi i\u00e7in tarihi bir d\u00f6n\u00fcm noktas\u0131 oldu\u011funu dile getiren \u00d6zkan, \u201cOperasyonun 9,5 saati cerrahiydi. Ameliyattan yaln\u0131zca 16 g\u00fcn sonra b\u00f6yle konu\u015fabilece\u011fimi, g\u00fclebilece\u011fimi ve ayakta durabilece\u011fimi s\u00f6yleseler inanmazd\u0131m. Hem\u015fire arkada\u015flar\u0131m\u0131z 7 g\u00fcn 24 saat b\u00fcy\u00fck bir \u00f6zveriyle&#8230;<\/p>\n","protected":false},"excerpt":{"rendered":"<p>Ge\u00e7irdi\u011fi karaci\u011fer nakli ile hayata yeniden tutunan sevilen oyuncu Ufuk \u00d6zkan, ba\u015far\u0131l\u0131 tedavi s\u00fcrecinin ard\u0131ndan taburcu oldu. 11 saat s\u00fcren zorlu&#8230;<\/p>\n","protected":false},"author":2,"featured_media":2320,"comment_status":"open","ping_status":"open","sticky":false,"template":"","format":"standard","meta":{"footnotes":""},"categories":[8,6,5],"tags":[],"class_list":["post-2321","post","type-post","status-publish","format-standard","has-post-thumbnail","hentry","category-arsiv","category-gundem","category-son-dakika"],"_links":{"self":[{"href":"https:\/\/eskigazeteci.com\/index.php?rest_route=\/wp\/v2\/posts\/2321","targetHints":{"allow":["GET"]}}],"collection":[{"href":"https:\/\/eskigazeteci.com\/index.php?rest_route=\/wp\/v2\/posts"}],"about":[{"href":"https:\/\/eskigazeteci.com\/index.php?rest_route=\/wp\/v2\/types\/post"}],"author":[{"embeddable":true,"href":"https:\/\/eskigazeteci.com\/index.php?rest_route=\/wp\/v2\/users\/2"}],"replies":[{"embeddable":true,"href":"https:\/\/eskigazeteci.com\/index.php?rest_route=%2Fwp%2Fv2%2Fcomments&post=2321"}],"version-history":[{"count":0,"href":"https:\/\/eskigazeteci.com\/index.php?rest_route=\/wp\/v2\/posts\/2321\/revisions"}],"wp:featuredmedia":[{"embeddable":true,"href":"https:\/\/eskigazeteci.com\/index.php?rest_route=\/wp\/v2\/media\/2320"}],"wp:attachment":[{"href":"https:\/\/eskigazeteci.com\/index.php?rest_route=%2Fwp%2Fv2%2Fmedia&parent=2321"}],"wp:term":[{"taxonomy":"category","embeddable":true,"href":"https:\/\/eskigazeteci.com\/index.php?rest_route=%2Fwp%2Fv2%2Fcategories&post=2321"},{"taxonomy":"post_tag","embeddable":true,"href":"https:\/\/eskigazeteci.com\/index.php?rest_route=%2Fwp%2Fv2%2Ftags&post=2321"}],"curies":[{"name":"wp","href":"https:\/\/api.w.org\/{rel}","templated":true}]}}