{"id":2319,"date":"2026-02-20T06:49:26","date_gmt":"2026-02-20T06:49:26","guid":{"rendered":"https:\/\/eskigazeteci.com\/?p=2319"},"modified":"2026-02-20T06:49:26","modified_gmt":"2026-02-20T06:49:26","slug":"ardahanda-buz-tutan-rampada-tir-soforleri-mahsur-kaldi-arac-kuyruklari-olustu","status":"publish","type":"post","link":"https:\/\/eskigazeteci.com\/?p=2319","title":{"rendered":"Ardahan&#8217;da buz tutan rampada TIR \u015fof\u00f6rleri mahsur kald\u0131! Ara\u00e7 kuyruklar\u0131 olu\u015ftu"},"content":{"rendered":"<p>Ardahan &#x27;da aral\u0131klarla devam eden kar ve tipi, \u00f6zellikle Kars-\u00c7\u0131ld\u0131r kara yolunda yo\u011fun buzlanmaya yol a\u00e7t\u0131. K\u00fc\u00e7\u00fck ara\u00e7lar\u0131n kontroll\u00fc \u015fekilde ilerleyebildi\u011fi yolda, a\u011f\u0131r tonajl\u0131 TIR&#x27;lar rampay\u0131 \u00e7\u0131kamay\u0131nca uzun ara\u00e7 kuyruklar\u0131 olu\u015ftu.<\/p>\n<p>Ak\u00e7akale k\u00f6y\u00fc yak\u0131nlar\u0131nda mahsur kalan TIR \u015fof\u00f6rleri, ara\u00e7lar\u0131n\u0131 hareket ettirebilmek i\u00e7in yol kenar\u0131ndan k\u00fcrekle ald\u0131klar\u0131 kumlar\u0131 buzlanan zemine sererek, ara\u00e7lar\u0131n\u0131 bulundu\u011fu yerden \u00e7\u0131karmaya \u00e7al\u0131\u015ft\u0131. Karayollar\u0131 ekipleri, buzlanan yolda tuzlama ve k\u00fcreme \u00e7al\u0131\u015fmas\u0131 ba\u015flatt\u0131.<\/p>\n<p>T\u00fcrkiye g\u00fcndeminden son dakika haberleri, bug\u00fcn ya\u015fanan en son geli\u015fmeler, siyaset g\u00fcndeminden g\u00fcncel haberler ve b\u00fct\u00fcn son dakika haberleri i\u00e7in H\u00fcrriyet&#x27;in internet haber sitesi hurriyet.com.tr; Hurriyet.com.tr haber i\u00e7erikleri kaynak g\u00f6sterilmeden al\u0131nt\u0131 yap\u0131lamaz, Kanuna ayk\u0131r\u0131 ve izinsiz olarak kopyalanamaz, ba\u015fka yerde yay\u0131nlanamaz.<\/p>\n","protected":false},"excerpt":{"rendered":"<p>Ardahan&#8217;da \u00c7\u0131ld\u0131r Akta\u015f S\u0131n\u0131r Kap\u0131s\u0131&#8217;na giden \u00e7ok say\u0131da TIR, Ak\u00e7akale k\u00f6y\u00fc mevkisindeki rampada buzlanma nedeniyle yolda kald\u0131.<\/p>\n","protected":false},"author":2,"featured_media":2318,"comment_status":"open","ping_status":"open","sticky":false,"template":"","format":"standard","meta":{"footnotes":""},"categories":[8,6,5],"tags":[],"class_list":["post-2319","post","type-post","status-publish","format-standard","has-post-thumbnail","hentry","category-arsiv","category-gundem","category-son-dakika"],"_links":{"self":[{"href":"https:\/\/eskigazeteci.com\/index.php?rest_route=\/wp\/v2\/posts\/2319","targetHints":{"allow":["GET"]}}],"collection":[{"href":"https:\/\/eskigazeteci.com\/index.php?rest_route=\/wp\/v2\/posts"}],"about":[{"href":"https:\/\/eskigazeteci.com\/index.php?rest_route=\/wp\/v2\/types\/post"}],"author":[{"embeddable":true,"href":"https:\/\/eskigazeteci.com\/index.php?rest_route=\/wp\/v2\/users\/2"}],"replies":[{"embeddable":true,"href":"https:\/\/eskigazeteci.com\/index.php?rest_route=%2Fwp%2Fv2%2Fcomments&post=2319"}],"version-history":[{"count":0,"href":"https:\/\/eskigazeteci.com\/index.php?rest_route=\/wp\/v2\/posts\/2319\/revisions"}],"wp:featuredmedia":[{"embeddable":true,"href":"https:\/\/eskigazeteci.com\/index.php?rest_route=\/wp\/v2\/media\/2318"}],"wp:attachment":[{"href":"https:\/\/eskigazeteci.com\/index.php?rest_route=%2Fwp%2Fv2%2Fmedia&parent=2319"}],"wp:term":[{"taxonomy":"category","embeddable":true,"href":"https:\/\/eskigazeteci.com\/index.php?rest_route=%2Fwp%2Fv2%2Fcategories&post=2319"},{"taxonomy":"post_tag","embeddable":true,"href":"https:\/\/eskigazeteci.com\/index.php?rest_route=%2Fwp%2Fv2%2Ftags&post=2319"}],"curies":[{"name":"wp","href":"https:\/\/api.w.org\/{rel}","templated":true}]}}