{"id":2315,"date":"2026-02-20T06:40:59","date_gmt":"2026-02-20T06:40:59","guid":{"rendered":"https:\/\/eskigazeteci.com\/?p=2315"},"modified":"2026-02-20T06:40:59","modified_gmt":"2026-02-20T06:40:59","slug":"iranda-egitim-ucagi-dustu-1-olu","status":"publish","type":"post","link":"https:\/\/eskigazeteci.com\/?p=2315","title":{"rendered":"\u0130ran&#8217;da e\u011fitim u\u00e7a\u011f\u0131 d\u00fc\u015ft\u00fc: 1 \u00f6l\u00fc"},"content":{"rendered":"<p>Jamaran haber sitesi, \u015eehid Nuje \u00dcss\u00fc Halkla \u0130li\u015fkiler birimi taraf\u0131ndan yap\u0131lan a\u00e7\u0131klamada, &quot; \u0130ran Ordusu Hava Kuvvetlerine ait bir e\u011fitim u\u00e7a\u011f\u0131 ak\u015fam saatlerinde Hamedan eyaletinde kaza yapt\u0131. Olay sonucunda pilotlardan biri hayat\u0131n\u0131 kaybederken di\u011feri kurtuldu.&quot; ifadeleri kullan\u0131ld\u0131.<\/p>\n<p>Kazaya ili\u015fkin soru\u015fturma ba\u015flat\u0131ld\u0131\u011f\u0131 belirtildi.<\/p>\n<p>Yurtd\u0131\u015f\u0131nda ya\u015fanan en son olaylar, d\u00fcnya g\u00fcndemine oturan d\u0131\u015f haberler, son dakika d\u00fcnya haberleri, di\u011fer d\u00fcnya \u00fclkelerinden g\u00fcncel haberler i\u00e7in T\u00fcrkiye&#x27;nin haber sitesi hurriyet.com.tr; Hurriyet.com.tr haber i\u00e7erikleri kaynak g\u00f6sterilmeden al\u0131nt\u0131 yap\u0131lamaz, Kanuna ayk\u0131r\u0131 ve izinsiz olarak kopyalanamaz, ba\u015fka yerde yay\u0131nlanamaz.<\/p>\n","protected":false},"excerpt":{"rendered":"<p>\u0130ran&#8217;\u0131n Hamedan eyaletinde \u0130ran Ordusu Hava Kuvvetleri Komutanl\u0131\u011f\u0131na ait bir e\u011fitim u\u00e7a\u011f\u0131n\u0131n d\u00fc\u015ft\u00fc\u011f\u00fc ve bir ki\u015finin hayat\u0131n\u0131 kaybetti\u011fi bildirildi.<\/p>\n","protected":false},"author":2,"featured_media":2314,"comment_status":"open","ping_status":"open","sticky":false,"template":"","format":"standard","meta":{"footnotes":""},"categories":[8,6,5],"tags":[],"class_list":["post-2315","post","type-post","status-publish","format-standard","has-post-thumbnail","hentry","category-arsiv","category-gundem","category-son-dakika"],"_links":{"self":[{"href":"https:\/\/eskigazeteci.com\/index.php?rest_route=\/wp\/v2\/posts\/2315","targetHints":{"allow":["GET"]}}],"collection":[{"href":"https:\/\/eskigazeteci.com\/index.php?rest_route=\/wp\/v2\/posts"}],"about":[{"href":"https:\/\/eskigazeteci.com\/index.php?rest_route=\/wp\/v2\/types\/post"}],"author":[{"embeddable":true,"href":"https:\/\/eskigazeteci.com\/index.php?rest_route=\/wp\/v2\/users\/2"}],"replies":[{"embeddable":true,"href":"https:\/\/eskigazeteci.com\/index.php?rest_route=%2Fwp%2Fv2%2Fcomments&post=2315"}],"version-history":[{"count":0,"href":"https:\/\/eskigazeteci.com\/index.php?rest_route=\/wp\/v2\/posts\/2315\/revisions"}],"wp:featuredmedia":[{"embeddable":true,"href":"https:\/\/eskigazeteci.com\/index.php?rest_route=\/wp\/v2\/media\/2314"}],"wp:attachment":[{"href":"https:\/\/eskigazeteci.com\/index.php?rest_route=%2Fwp%2Fv2%2Fmedia&parent=2315"}],"wp:term":[{"taxonomy":"category","embeddable":true,"href":"https:\/\/eskigazeteci.com\/index.php?rest_route=%2Fwp%2Fv2%2Fcategories&post=2315"},{"taxonomy":"post_tag","embeddable":true,"href":"https:\/\/eskigazeteci.com\/index.php?rest_route=%2Fwp%2Fv2%2Ftags&post=2315"}],"curies":[{"name":"wp","href":"https:\/\/api.w.org\/{rel}","templated":true}]}}