{"id":2287,"date":"2026-02-20T05:42:27","date_gmt":"2026-02-20T05:42:27","guid":{"rendered":"https:\/\/eskigazeteci.com\/?p=2287"},"modified":"2026-02-20T05:42:27","modified_gmt":"2026-02-20T05:42:27","slug":"kuvvetli-saganak-ve-firtina-geri-geliyor-meteoroloji-tarih-verdi-istanbul-ve-ankara-dahil-34-ilde-saganak-yagis-etkili-olacak","status":"publish","type":"post","link":"https:\/\/eskigazeteci.com\/?p=2287","title":{"rendered":"Kuvvetli sa\u011fanak ve f\u0131rt\u0131na geri geliyor! Meteoroloji tarih verdi: \u0130stanbul ve Ankara dahil 34 ilde sa\u011fanak ya\u011f\u0131\u015f etkili olacak"},"content":{"rendered":"<p>Hava s\u0131cakl\u0131klar\u0131n\u0131n kuzey, i\u00e7 ve bat\u0131 kesimlerde 3 ila 5 derece artaca\u011f\u0131, di\u011fer yerlerde \u00f6nemli bir de\u011fi\u015fiklik olmayaca\u011f\u0131 tahmin ediliyor. R\u00fczgar\u0131n ise genellikle g\u00fcney ve do\u011fu y\u00f6nlerden hafif, ara s\u0131ra orta kuvvette, Marmara&#x27;n\u0131n bat\u0131s\u0131 ile Ege k\u0131y\u0131lar\u0131nda g\u00fcneybat\u0131 y\u00f6nlerden yer yer kuvvetli (40-60 km\/saat) olarak esmesi bekleniyor.<\/p>\n<p>Meteoroloji Genel M\u00fcd\u00fcrl\u00fc\u011f\u00fc olarak yap\u0131lan de\u011ferlendirmelere g\u00f6re: \u00dclkemizin bat\u0131 kesimlerinin par\u00e7al\u0131 ve \u00e7ok bulutlu, Trakya kesimi, Ege k\u0131y\u0131lar\u0131 ile \u00c7anakkale \u00e7evrelerinin ya\u011fmur ve sa\u011fanak ya\u011f\u0131\u015fl\u0131, di\u011fer yerlerin az bulutlu ve a\u00e7\u0131k ge\u00e7ece\u011fi tahmin ediliyor. Sabah saatlerinde i\u00e7 ve do\u011fu kesimlerde buzlanma ve don olay\u0131 bekleniyor. Do\u011fu Karadeniz\u2019in i\u00e7 kesimlerinin y\u00fcksekleri ile Do\u011fu Anadolu\u2019nun do\u011fusunda y\u00fcksek kar \u00f6rt\u00fcs\u00fcne sahip e\u011fimli kesimlerinde \u00e7\u0131\u011f ve kar erimesi tehlikesi bulunmaktad\u0131r.<\/p>\n<p>Meteoroloji Genel M\u00fcd\u00fcrl\u00fc\u011f\u00fcnden yap\u0131lan a\u00e7\u0131klamaya g\u00f6re, Kuzey Ege&#x27;de r\u00fczgar, sabah saatlerinden itibaren g\u00fcneyli y\u00f6nlerden 6 ila 8 kuvvetinde f\u0131rt\u0131na \u015feklinde esecek. G\u00fcney Ege&#x27;nin kuzey kesimlerinde de r\u00fczgar\u0131n, sabah saatlerinden sonra g\u00fcney ve g\u00fcneydo\u011fudan 6 ila 8 kuvvetinde f\u0131rt\u0131na \u015feklinde esmesi bekleniyor.<\/p>\n<p>\u00d6te yandan Ayd\u0131n, Bal\u0131kesir, \u00c7anakkale,&#8230;<\/p>\n","protected":false},"excerpt":{"rendered":"<p>Meteoroloji Genel M\u00fcd\u00fcrl\u00fc\u011f\u00fc taraf\u0131ndan yap\u0131lan son hava durumu tahminlerine g\u00f6re sa\u011fanak ya\u011f\u0131\u015flar geri geliyor. Hafta sonu \u0130stanbul ve Ankara dahil 34 ilde&#8230;<\/p>\n","protected":false},"author":2,"featured_media":2286,"comment_status":"open","ping_status":"open","sticky":false,"template":"","format":"standard","meta":{"footnotes":""},"categories":[8,6,5],"tags":[],"class_list":["post-2287","post","type-post","status-publish","format-standard","has-post-thumbnail","hentry","category-arsiv","category-gundem","category-son-dakika"],"_links":{"self":[{"href":"https:\/\/eskigazeteci.com\/index.php?rest_route=\/wp\/v2\/posts\/2287","targetHints":{"allow":["GET"]}}],"collection":[{"href":"https:\/\/eskigazeteci.com\/index.php?rest_route=\/wp\/v2\/posts"}],"about":[{"href":"https:\/\/eskigazeteci.com\/index.php?rest_route=\/wp\/v2\/types\/post"}],"author":[{"embeddable":true,"href":"https:\/\/eskigazeteci.com\/index.php?rest_route=\/wp\/v2\/users\/2"}],"replies":[{"embeddable":true,"href":"https:\/\/eskigazeteci.com\/index.php?rest_route=%2Fwp%2Fv2%2Fcomments&post=2287"}],"version-history":[{"count":0,"href":"https:\/\/eskigazeteci.com\/index.php?rest_route=\/wp\/v2\/posts\/2287\/revisions"}],"wp:featuredmedia":[{"embeddable":true,"href":"https:\/\/eskigazeteci.com\/index.php?rest_route=\/wp\/v2\/media\/2286"}],"wp:attachment":[{"href":"https:\/\/eskigazeteci.com\/index.php?rest_route=%2Fwp%2Fv2%2Fmedia&parent=2287"}],"wp:term":[{"taxonomy":"category","embeddable":true,"href":"https:\/\/eskigazeteci.com\/index.php?rest_route=%2Fwp%2Fv2%2Fcategories&post=2287"},{"taxonomy":"post_tag","embeddable":true,"href":"https:\/\/eskigazeteci.com\/index.php?rest_route=%2Fwp%2Fv2%2Ftags&post=2287"}],"curies":[{"name":"wp","href":"https:\/\/api.w.org\/{rel}","templated":true}]}}