{"id":22858,"date":"2026-04-11T13:58:07","date_gmt":"2026-04-11T13:58:07","guid":{"rendered":"https:\/\/eskigazeteci.com\/?p=22858"},"modified":"2026-04-11T13:58:07","modified_gmt":"2026-04-11T13:58:07","slug":"canli-anlatim-alanyaspor-trabzonspor-super-lig-maci","status":"publish","type":"post","link":"https:\/\/eskigazeteci.com\/?p=22858","title":{"rendered":"Canl\u0131 Anlat\u0131m: Alanyaspor Trabzonspor (S\u00fcper Lig ma\u00e7\u0131)"},"content":{"rendered":"<p>Trabzonspor, S\u00fcper Lig&#x27;in 29. haftas\u0131nda Alanyaspor ile deplasmanda kozlar\u0131n\u0131 payla\u015f\u0131yor.<\/p>\n<p>CANLI ANLATIM<\/p>\n<p>\u0130lk yar\u0131 oynan\u0131yor<\/p>\n<p>Alanyaspor : 0<\/p>\n<p>Trabzonspor : 0<\/p>\n<p>Goller<\/p>\n<p>\u0130LK 11&#x27;LER<\/p>\n<p>Alanyaspor : Victor, Enes, Lima, Aiti, \u00dcmit, Ruan, Makouta, Maestro, Efecan, Ui-jo, G\u00fcven.<\/p>\n<p>Trabzonspor : Onana, Pina, Nwaiwu, Savic, Mustafa, Oulai, Folcarelli, Zubkov, Ozan, Nwakaeme, Augusto.<\/p>\n<p>ALANYASPOR TRABZONSPOR MA\u00c7I NE ZAMAN SAAT KA\u00c7TA HANG\u0130 KANALDA? S\u00fcper Lig 29. hafta m\u00fccadelesi kapsam\u0131nda Alanyaspor &#8211; Trabzonspor kar\u015f\u0131 kar\u015f\u0131ya geliyor. M\u00fccadele 11 Nisan Cumartesi g\u00fcn\u00fc saat 17.00\u2019da Bein Sports 1 ekranlar\u0131nda yay\u0131nlan\u0131yor.<\/p>\n<p>ALANYASPOR &#8211; TRABZONSPOR MA\u00c7 \u00d6NCES\u0130 \u0130STAT\u0130ST\u0130KLER\u0130<\/p>\n<p>\u0130ki tak\u0131m aras\u0131nda oynanan toplam 22 kar\u015f\u0131la\u015fmada Alanyaspor\u2019un 9, Trabzonspor\u2019un ise 8 galibiyeti bulunurken, 5 m\u00fccadele beraberlikle sonu\u00e7land\u0131. Alanyaspor\u2019un ev sahipli\u011finde oynanan ma\u00e7larda ise Akdeniz ekibinin \u00fcst\u00fcnl\u00fc\u011f\u00fc dikkat \u00e7ekiyor (5 galibiyet, 2 beraberlik, 2 ma\u011flubiyet).<\/p>\n<p>Trabzonspor ligde 63 puan ve +25 averajla zirve yar\u0131\u015f\u0131n\u0131n i\u00e7inde yer al\u0131rken, Alanyaspor 32 puan ve +1 averajla orta s\u0131ralarda bulunuyor. Bordo-mavililer h\u00fccum g\u00fcc\u00fcyle \u00f6ne \u00e7\u0131karken, Alanyaspor\u2019un i\u00e7 saha performans\u0131 bu ma\u00e7ta belirleyici olabilir&#8230;.<\/p>\n","protected":false},"excerpt":{"rendered":"<p>Alanyaspor ile Trabzonspor, S\u00fcper Lig&#8217;in 29. haftas\u0131nda kar\u015f\u0131 kar\u015f\u0131ya geliyor. Bu m\u00fccadeleyi haberimizden anbean takip edebilirsiniz.<\/p>\n","protected":false},"author":2,"featured_media":22857,"comment_status":"open","ping_status":"open","sticky":false,"template":"","format":"standard","meta":{"footnotes":""},"categories":[8,5,7],"tags":[],"class_list":["post-22858","post","type-post","status-publish","format-standard","has-post-thumbnail","hentry","category-arsiv","category-son-dakika","category-spor"],"_links":{"self":[{"href":"https:\/\/eskigazeteci.com\/index.php?rest_route=\/wp\/v2\/posts\/22858","targetHints":{"allow":["GET"]}}],"collection":[{"href":"https:\/\/eskigazeteci.com\/index.php?rest_route=\/wp\/v2\/posts"}],"about":[{"href":"https:\/\/eskigazeteci.com\/index.php?rest_route=\/wp\/v2\/types\/post"}],"author":[{"embeddable":true,"href":"https:\/\/eskigazeteci.com\/index.php?rest_route=\/wp\/v2\/users\/2"}],"replies":[{"embeddable":true,"href":"https:\/\/eskigazeteci.com\/index.php?rest_route=%2Fwp%2Fv2%2Fcomments&post=22858"}],"version-history":[{"count":0,"href":"https:\/\/eskigazeteci.com\/index.php?rest_route=\/wp\/v2\/posts\/22858\/revisions"}],"wp:featuredmedia":[{"embeddable":true,"href":"https:\/\/eskigazeteci.com\/index.php?rest_route=\/wp\/v2\/media\/22857"}],"wp:attachment":[{"href":"https:\/\/eskigazeteci.com\/index.php?rest_route=%2Fwp%2Fv2%2Fmedia&parent=22858"}],"wp:term":[{"taxonomy":"category","embeddable":true,"href":"https:\/\/eskigazeteci.com\/index.php?rest_route=%2Fwp%2Fv2%2Fcategories&post=22858"},{"taxonomy":"post_tag","embeddable":true,"href":"https:\/\/eskigazeteci.com\/index.php?rest_route=%2Fwp%2Fv2%2Ftags&post=22858"}],"curies":[{"name":"wp","href":"https:\/\/api.w.org\/{rel}","templated":true}]}}