{"id":22852,"date":"2026-04-11T13:40:37","date_gmt":"2026-04-11T13:40:37","guid":{"rendered":"https:\/\/eskigazeteci.com\/?p=22852"},"modified":"2026-04-11T13:40:37","modified_gmt":"2026-04-11T13:40:37","slug":"antalyada-emekli-polisin-feci-olumu-devrilen-traktorunun-altinda-kaldi-yakinlari-sinir-krizi-gecirdi","status":"publish","type":"post","link":"https:\/\/eskigazeteci.com\/?p=22852","title":{"rendered":"Antalya&#8217;da emekli polisin feci \u00f6l\u00fcm\u00fc! Devrilen trakt\u00f6r\u00fcn\u00fcn alt\u0131nda kald\u0131&#8230; Yak\u0131nlar\u0131 sinir krizi ge\u00e7irdi"},"content":{"rendered":"<p>Kaza, saat 13.30 s\u0131ralar\u0131nda Aksu il\u00e7esi Hac\u0131aliler Mahallesi 27330 Sokak\u2019taki bir bah\u00e7ede meydana geldi. Emekli polis Mehmet \u00dcst\u00fcn, trakt\u00f6r\u00fcn arkas\u0131na ba\u011fl\u0131 pullukla bah\u00e7eyi s\u00fcrmeye ba\u015flad\u0131. Bir s\u00fcre sonra kayan trakt\u00f6r , dereye d\u00fc\u015ft\u00fc. Kazay\u0131 fark eden \u00e7evredekiler, yard\u0131m etmeye \u00e7al\u0131\u015ft\u0131. \u0130hbarla olay yerine polis, itfaiye, sa\u011fl\u0131k ve AFAD ekibi sevk edildi.<\/p>\n<p>2 i\u015f makinesinin de kullan\u0131ld\u0131\u011f\u0131 \u00e7al\u0131\u015fmalarda, k\u0131sa s\u00fcrede kaza yerine gelen ekipler, \u00dcst\u00fcn&#x27;\u00fc bulundu\u011fu yerden \u00e7\u0131kard\u0131. \u00dcst\u00fcn, vatanda\u015flar\u0131n da yard\u0131m\u0131yla g\u00fcvenli b\u00f6lgeye ta\u015f\u0131nd\u0131. Sa\u011fl\u0131k ekibinin yapt\u0131\u011f\u0131 incelemede, Mehmet \u00dcst\u00fcn&#x27;\u00fcn hayat\u0131n\u0131 kaybetti\u011fi belirlendi.<\/p>\n<p>YAKINLARI S\u0130N\u0130R KR\u0130Z\u0130 GE\u00c7\u0130RD\u0130<\/p>\n<p>\u00dcst\u00fcn&#x27;\u00fcn \u00f6l\u00fcm haberi \u00fczerine yak\u0131nlar\u0131 sinir krizi ge\u00e7irdi. Mehmet \u00dcst\u00fcn\u2019\u00fcn cenazesi, savc\u0131l\u0131k ve olay yeri inceleme ekibinin \u00e7al\u0131\u015fmas\u0131n\u0131n ard\u0131ndan otopsi yap\u0131lmak \u00fczere Antalya Adli T\u0131p Kurumu morguna kald\u0131r\u0131ld\u0131. \u00dcst\u00fcn&#x27;\u00fcn Antalya Emniyet M\u00fcd\u00fcrl\u00fc\u011f\u00fc Muratpa\u015fa \u0130l\u00e7e Emniyet M\u00fcd\u00fcrl\u00fc\u011f\u00fc Devriye Ekipler Amirli\u011fi&#x27;nde g\u00f6rev yaparken yakla\u015f\u0131k 3 y\u0131l \u00f6nce emekli oldu\u011fu \u00f6\u011frenildi.<\/p>\n<p>T\u00fcrkiye g\u00fcndeminden son dakika haberleri, bug\u00fcn ya\u015fanan en son geli\u015fmeler, siyaset g\u00fcndeminden g\u00fcncel haberler ve b\u00fct\u00fcn son dakika haberleri i\u00e7in H\u00fcrriyet&#x27;in internet&#8230;<\/p>\n","protected":false},"excerpt":{"rendered":"<p>Antalya&#8217;n\u0131n Aksu il\u00e7esinde bah\u00e7esinde \u00e7al\u0131\u015f\u0131rken devrilen trakt\u00f6r\u00fcn\u00fcn alt\u0131nda kalan emekli polis Mehmet \u00dcst\u00fcn (54), hayat\u0131n\u0131 kaybetti. Mehmet \u00dcst\u00fcn&#8217;\u00fcn \u00f6l\u00fcm&#8230;<\/p>\n","protected":false},"author":2,"featured_media":22851,"comment_status":"open","ping_status":"open","sticky":false,"template":"","format":"standard","meta":{"footnotes":""},"categories":[8,6],"tags":[],"class_list":["post-22852","post","type-post","status-publish","format-standard","has-post-thumbnail","hentry","category-arsiv","category-gundem"],"_links":{"self":[{"href":"https:\/\/eskigazeteci.com\/index.php?rest_route=\/wp\/v2\/posts\/22852","targetHints":{"allow":["GET"]}}],"collection":[{"href":"https:\/\/eskigazeteci.com\/index.php?rest_route=\/wp\/v2\/posts"}],"about":[{"href":"https:\/\/eskigazeteci.com\/index.php?rest_route=\/wp\/v2\/types\/post"}],"author":[{"embeddable":true,"href":"https:\/\/eskigazeteci.com\/index.php?rest_route=\/wp\/v2\/users\/2"}],"replies":[{"embeddable":true,"href":"https:\/\/eskigazeteci.com\/index.php?rest_route=%2Fwp%2Fv2%2Fcomments&post=22852"}],"version-history":[{"count":0,"href":"https:\/\/eskigazeteci.com\/index.php?rest_route=\/wp\/v2\/posts\/22852\/revisions"}],"wp:featuredmedia":[{"embeddable":true,"href":"https:\/\/eskigazeteci.com\/index.php?rest_route=\/wp\/v2\/media\/22851"}],"wp:attachment":[{"href":"https:\/\/eskigazeteci.com\/index.php?rest_route=%2Fwp%2Fv2%2Fmedia&parent=22852"}],"wp:term":[{"taxonomy":"category","embeddable":true,"href":"https:\/\/eskigazeteci.com\/index.php?rest_route=%2Fwp%2Fv2%2Fcategories&post=22852"},{"taxonomy":"post_tag","embeddable":true,"href":"https:\/\/eskigazeteci.com\/index.php?rest_route=%2Fwp%2Fv2%2Ftags&post=22852"}],"curies":[{"name":"wp","href":"https:\/\/api.w.org\/{rel}","templated":true}]}}