{"id":22850,"date":"2026-04-11T13:38:59","date_gmt":"2026-04-11T13:38:59","guid":{"rendered":"https:\/\/eskigazeteci.com\/?p=22850"},"modified":"2026-04-11T13:38:59","modified_gmt":"2026-04-11T13:38:59","slug":"ogretmen-fatma-nur-celik-cinayetinde-yeni-gelisme-ders-programiyla-hedef-secmis-bunlari-oldurmek-lazim","status":"publish","type":"post","link":"https:\/\/eskigazeteci.com\/?p=22850","title":{"rendered":"\u00d6\u011fretmen Fatma Nur \u00c7elik cinayetinde yeni geli\u015fme: Ders program\u0131yla hedef se\u00e7mi\u015f! &#8216;Bunlar\u0131 \u00f6ld\u00fcrmek laz\u0131m&#8217;"},"content":{"rendered":"<p>Olay, saat 11.00 s\u0131ralar\u0131nda \u00c7ekmek\u00f6y \u2019deki Borsa \u0130stanbul Mesleki Teknik Anadolu Lisesi\u2019nde meydana geldi. Edinilen bilgiye g\u00f6re Furkan Samet Bal\u0131m (17), \u00f6\u011fretmenler Fatma Nur \u00c7elik (44) ve Z.A. (52) ile arkada\u015f\u0131 S.K.\u2019yi (15) b\u0131\u00e7aklad\u0131. \u0130hbar \u00fczerine olay yerine polis ve sa\u011fl\u0131k ekipleri sevk ya edildi. Yaralanan 3 ki\u015fi, yap\u0131lan ilk m\u00fcdahalenin ard\u0131ndan ambulanslarla hastaneye kald\u0131r\u0131ld\u0131. A\u011f\u0131r yaralanan \u00f6\u011fretmen Fatma Nur \u00c7elik, hastanede yap\u0131lan t\u00fcm m\u00fcdahalelere ra\u011fmen hayat\u0131n\u0131 kaybetti. Di\u011fer yaral\u0131 \u00f6\u011fretmen ve \u00f6\u011frencinin ise tedavilerinin s\u00fcrd\u00fc\u011f\u00fc, hayati tehlikelerinin bulunmad\u0131\u011f\u0131 \u00f6\u011frenildi. Sald\u0131r\u0131y\u0131 ger\u00e7ekle\u015ftiren Furkan Samet Bal\u0131m olay yerinde g\u00f6zalt\u0131na al\u0131nmas\u0131n\u0131n ard\u0131ndan \u00e7\u0131kar\u0131ld\u0131\u011f\u0131 N\u00f6bet\u00e7i Sulh Ceza Hakimli\u011fince tutuklanarak cezaevine g\u00f6nderildi.<\/p>\n<p>DERS PROGRAMLARINI \u0130NCELEYEREK HAREKET ETT\u0130<\/p>\n<p>\u0130stanbul Anadolu Cumhuriyet Ba\u015fsavc\u0131l\u0131\u011f\u0131\u2019n\u0131n y\u00fcr\u00fctt\u00fc\u011f\u00fc soru\u015fturma dosyas\u0131na g\u00f6re, san\u0131k Bal\u0131m\u2019\u0131n olay g\u00fcn\u00fc saat 11.00 s\u0131ralar\u0131nda okulun bah\u00e7e kap\u0131s\u0131ndan giri\u015f yapt\u0131\u011f\u0131, k\u0131sa s\u00fcre i\u00e7inde binaya girerek 1. kata \u00e7\u0131kt\u0131\u011f\u0131 ve n\u00f6bet\u00e7i \u00f6\u011frenci bankosunda \u00f6\u011fretmenlerin ders programlar\u0131n\u0131 inceleyerek hangi \u00f6\u011fretmenin hangi s\u0131n\u0131fta oldu\u011funu tespit etti\u011fi belirlendi. Dosyada, \u00f6\u011fretmenlerin g\u00fcn&#8230;<\/p>\n","protected":false},"excerpt":{"rendered":"<p>\u00c7ekmek\u00f6y\u2019de biyoloji \u00f6\u011fretmeni Fatma Nur \u00c7elik\u2019i b\u0131\u00e7aklayarak \u00f6ld\u00fcren, bir \u00f6\u011fretmen ve 6 \u00f6\u011frenciyi de yaralayan 17 ya\u015f\u0131ndaki Furkan Samet Bal\u0131m hakk\u0131nda&#8230;<\/p>\n","protected":false},"author":2,"featured_media":22849,"comment_status":"open","ping_status":"open","sticky":false,"template":"","format":"standard","meta":{"footnotes":""},"categories":[8,6],"tags":[],"class_list":["post-22850","post","type-post","status-publish","format-standard","has-post-thumbnail","hentry","category-arsiv","category-gundem"],"_links":{"self":[{"href":"https:\/\/eskigazeteci.com\/index.php?rest_route=\/wp\/v2\/posts\/22850","targetHints":{"allow":["GET"]}}],"collection":[{"href":"https:\/\/eskigazeteci.com\/index.php?rest_route=\/wp\/v2\/posts"}],"about":[{"href":"https:\/\/eskigazeteci.com\/index.php?rest_route=\/wp\/v2\/types\/post"}],"author":[{"embeddable":true,"href":"https:\/\/eskigazeteci.com\/index.php?rest_route=\/wp\/v2\/users\/2"}],"replies":[{"embeddable":true,"href":"https:\/\/eskigazeteci.com\/index.php?rest_route=%2Fwp%2Fv2%2Fcomments&post=22850"}],"version-history":[{"count":0,"href":"https:\/\/eskigazeteci.com\/index.php?rest_route=\/wp\/v2\/posts\/22850\/revisions"}],"wp:featuredmedia":[{"embeddable":true,"href":"https:\/\/eskigazeteci.com\/index.php?rest_route=\/wp\/v2\/media\/22849"}],"wp:attachment":[{"href":"https:\/\/eskigazeteci.com\/index.php?rest_route=%2Fwp%2Fv2%2Fmedia&parent=22850"}],"wp:term":[{"taxonomy":"category","embeddable":true,"href":"https:\/\/eskigazeteci.com\/index.php?rest_route=%2Fwp%2Fv2%2Fcategories&post=22850"},{"taxonomy":"post_tag","embeddable":true,"href":"https:\/\/eskigazeteci.com\/index.php?rest_route=%2Fwp%2Fv2%2Ftags&post=22850"}],"curies":[{"name":"wp","href":"https:\/\/api.w.org\/{rel}","templated":true}]}}