{"id":2285,"date":"2026-02-20T05:40:54","date_gmt":"2026-02-20T05:40:54","guid":{"rendered":"https:\/\/eskigazeteci.com\/?p=2285"},"modified":"2026-02-20T05:40:54","modified_gmt":"2026-02-20T05:40:54","slug":"trumpin-saldiri-plani-hedef-sadece-hamaney-degil-1-gunde-125-bombardiman-mumkun-iran-karsilik-verecek","status":"publish","type":"post","link":"https:\/\/eskigazeteci.com\/?p=2285","title":{"rendered":"Trump&#8217;\u0131n sald\u0131r\u0131 plan\u0131: &#8216;Hedef sadece Hamaney de\u011fil&#8230; 1 g\u00fcnde 125 bombard\u0131man m\u00fcmk\u00fcn!&#8217; \u0130ran kar\u015f\u0131l\u0131k verecek"},"content":{"rendered":"<p>Trump&#x27;\u0131n sald\u0131r\u0131 plan\u0131: &#x27;Hedef sadece Hamaney de\u011fil&#8230; 1 g\u00fcnde 125 bombard\u0131man m\u00fcmk\u00fcn!&#x27; \u0130ran kar\u015f\u0131l\u0131k verecek<\/p>\n<p>Uzmanlar, Washington\u2019un \u0130ran h\u00fck\u00fcmetine kar\u015f\u0131 olas\u0131 bir hava harekat\u0131 i\u00e7in Orta Do\u011fu\u2019da halihaz\u0131rda yeterli askeri varl\u0131k bulundurdu\u011funu belirtti. Yakla\u015f\u0131k 1 ayd\u0131r Arap Denizi\u2019nde g\u00f6rev yapan USS Abraham Lincoln u\u00e7ak gemisi ve beraberindeki taarruz grubunda F-35 Lightning II ile F\/A-18 Super Hornet tipi u\u00e7aklar\u0131n da aralar\u0131nda bulundu\u011fu 9 filo yer al\u0131yor. Lincoln&#x27;\u00fcn g\u00fcnde en az 125 bombard\u0131man g\u00f6revi ger\u00e7ekle\u015ftirebilecek kapasiteye sahip oldu\u011fu bildirildi.<\/p>\n<p>USS Gerald R. Ford \u00f6nc\u00fcl\u00fc\u011f\u00fcndeki ikinci u\u00e7ak gemisi grubunun ise Do\u011fu Akdeniz\u2019e y\u00f6nelmesinin beklendi\u011fi ifade edildi. D\u00fcnyan\u0131n en b\u00fcy\u00fck u\u00e7ak gemisi olarak g\u00f6sterilen Ford\u2019un, ge\u00e7en ay Karayip Denizi\u2019nde Venezuela lideri Nicol\u00e1s Maduro\u2019ya y\u00f6nelik bir operasyon sonras\u0131nda b\u00f6lgeden ayr\u0131ld\u0131\u011f\u0131 kaydedildi.<\/p>\n<p>Ge\u00e7en yaz ABD Ba\u015fkan\u0131 Donald Trump, \u0130ran devletinin Fordo\u2019daki yer alt\u0131 n\u00fckleer zenginle\u015ftirme tesisine y\u00f6nelik bir sald\u0131r\u0131 karar\u0131 i\u00e7in iki hafta s\u00fcre tan\u0131d\u0131\u011f\u0131n\u0131 a\u00e7\u0131klam\u0131\u015f ancak birka\u00e7 g\u00fcn i\u00e7inde B-2 hayalet bombard\u0131man u\u00e7aklar\u0131yla hedefi vurmu\u015ftu.<\/p>\n<p>ABD&#x27;N\u0130N SALDIRI KAPAS\u0130TES\u0130<\/p>\n<p>Kraliyet Birle\u015fik Hizmetler Enstit\u00fcs\u00fc Askeri&#8230;<\/p>\n","protected":false},"excerpt":{"rendered":"<p>ABD Ba\u015fkan\u0131 Donald Trump&#8217;\u0131n \u0130ran&#8217;a sald\u0131r\u0131 karar\u0131n\u0131 10 g\u00fcn i\u00e7inde verece\u011fini duyurmas\u0131yla Orta Do\u011fu yeni bir b\u00fcy\u00fck sava\u015f\u0131n e\u015fi\u011fine geldi. ABD&#8217;nin \u0130ran&#8230;<\/p>\n","protected":false},"author":2,"featured_media":2284,"comment_status":"open","ping_status":"open","sticky":false,"template":"","format":"standard","meta":{"footnotes":""},"categories":[8,6,5],"tags":[],"class_list":["post-2285","post","type-post","status-publish","format-standard","has-post-thumbnail","hentry","category-arsiv","category-gundem","category-son-dakika"],"_links":{"self":[{"href":"https:\/\/eskigazeteci.com\/index.php?rest_route=\/wp\/v2\/posts\/2285","targetHints":{"allow":["GET"]}}],"collection":[{"href":"https:\/\/eskigazeteci.com\/index.php?rest_route=\/wp\/v2\/posts"}],"about":[{"href":"https:\/\/eskigazeteci.com\/index.php?rest_route=\/wp\/v2\/types\/post"}],"author":[{"embeddable":true,"href":"https:\/\/eskigazeteci.com\/index.php?rest_route=\/wp\/v2\/users\/2"}],"replies":[{"embeddable":true,"href":"https:\/\/eskigazeteci.com\/index.php?rest_route=%2Fwp%2Fv2%2Fcomments&post=2285"}],"version-history":[{"count":0,"href":"https:\/\/eskigazeteci.com\/index.php?rest_route=\/wp\/v2\/posts\/2285\/revisions"}],"wp:featuredmedia":[{"embeddable":true,"href":"https:\/\/eskigazeteci.com\/index.php?rest_route=\/wp\/v2\/media\/2284"}],"wp:attachment":[{"href":"https:\/\/eskigazeteci.com\/index.php?rest_route=%2Fwp%2Fv2%2Fmedia&parent=2285"}],"wp:term":[{"taxonomy":"category","embeddable":true,"href":"https:\/\/eskigazeteci.com\/index.php?rest_route=%2Fwp%2Fv2%2Fcategories&post=2285"},{"taxonomy":"post_tag","embeddable":true,"href":"https:\/\/eskigazeteci.com\/index.php?rest_route=%2Fwp%2Fv2%2Ftags&post=2285"}],"curies":[{"name":"wp","href":"https:\/\/api.w.org\/{rel}","templated":true}]}}