{"id":22848,"date":"2026-04-11T13:37:24","date_gmt":"2026-04-11T13:37:24","guid":{"rendered":"https:\/\/eskigazeteci.com\/?p=22848"},"modified":"2026-04-11T13:37:24","modified_gmt":"2026-04-11T13:37:24","slug":"hurda-tesviki-ve-otv-indirimi-haberleri","status":"publish","type":"post","link":"https:\/\/eskigazeteci.com\/?p=22848","title":{"rendered":"HURDA TE\u015eV\u0130K\u0130 VE \u00d6TV \u0130ND\u0130R\u0130M\u0130 HABERLER\u0130"},"content":{"rendered":"<p>\u00d6TV indirimi ve \u015fartlar\u0131 son dakika geli\u015fmeleri, hurda te\u015fviki kapsam\u0131nda g\u00fcndemde \u00f6ne \u00e7\u0131kan ekonomi ba\u015fl\u0131klar\u0131 aras\u0131nda yer al\u0131yor. Hurda te\u015fviki \u00d6TV indirimi yasas\u0131 2026, son dakika geli\u015fmeleri ile ara\u00e7 sahipleri taraf\u0131ndan bekleniyor. Hurda indirimi &quot;\u00d6TV\u2019siz ilk ara\u00e7&quot; projesi son g\u00fcnlerde s\u0131k\u00e7a g\u00fcndeme gelen konular aras\u0131nda yer al\u0131yor. 25 ya\u015f \u00fcst\u00fc eski ara\u00e7lar\u0131n hurdaya ayr\u0131lmas\u0131n\u0131 da kapsayan bu kapsaml\u0131 paketle, hem otomotiv sekt\u00f6r\u00fcn\u00fcn canland\u0131r\u0131lmas\u0131 hem de dar gelirli ailelerin ilk kez s\u0131f\u0131r kilometre bir araca sahip olmas\u0131 hedefleniyor. TBMM g\u00fcndemine gelmesi beklenen yeni kanun teklifi, sosyal devlet anlay\u0131\u015f\u0131 \u00e7er\u00e7evesinde geni\u015f ailelere ve dar gelirli gruplara nefes ald\u0131rmay\u0131 planl\u0131yor. &quot;\u0130lk Arabam Yerli Otomobil Aile Destek Program\u0131&quot; ad\u0131 alt\u0131nda olgunla\u015ft\u0131r\u0131lan tasla\u011fa g\u00f6re, en az \u00fc\u00e7 \u00e7ocuk sahibi olan ve \u00fczerine kay\u0131tl\u0131 bir otomobili bulunmayan vatanda\u015flar, T\u00fcrkiye&#x27;de \u00fcretilen modelleri \u00d6TV \u00f6demeden sat\u0131n alabilecek. Peki, 25 ya\u015f \u00fcst\u00fc hurda ara\u00e7larda s\u0131f\u0131r ara\u00e7 hurda indirimi yasas\u0131 \u00e7\u0131kt\u0131 m\u0131? \u0130\u015fte, o ayr\u0131nt\u0131lar<\/p>\n<p>Hurda Ara\u00e7 Te\u015fviki Yasas\u0131\u2019n\u0131 bekleyen s\u00fcr\u00fcc\u00fcler i\u00e7in umut verici bir geli\u015fme ya\u015fand\u0131. MHP Kayseri Milletvekili \u0130smail \u00d6zdemir, ge\u00e7en y\u0131l Meclis\u2019e sundu\u011fu&#8230;<\/p>\n","protected":false},"excerpt":{"rendered":"<p>2026 Hurda te\u015fviki ve \u00d6TV indirimi son durum Meclis geli\u015fmeleri, ara\u00e7 sahiplerinin g\u00fcndeminde yer almaya devam ediyor. Trafikte yer alan 25 ya\u015f \u00fcst\u00fc&#8230;<\/p>\n","protected":false},"author":2,"featured_media":22847,"comment_status":"open","ping_status":"open","sticky":false,"template":"","format":"standard","meta":{"footnotes":""},"categories":[8,6],"tags":[],"class_list":["post-22848","post","type-post","status-publish","format-standard","has-post-thumbnail","hentry","category-arsiv","category-gundem"],"_links":{"self":[{"href":"https:\/\/eskigazeteci.com\/index.php?rest_route=\/wp\/v2\/posts\/22848","targetHints":{"allow":["GET"]}}],"collection":[{"href":"https:\/\/eskigazeteci.com\/index.php?rest_route=\/wp\/v2\/posts"}],"about":[{"href":"https:\/\/eskigazeteci.com\/index.php?rest_route=\/wp\/v2\/types\/post"}],"author":[{"embeddable":true,"href":"https:\/\/eskigazeteci.com\/index.php?rest_route=\/wp\/v2\/users\/2"}],"replies":[{"embeddable":true,"href":"https:\/\/eskigazeteci.com\/index.php?rest_route=%2Fwp%2Fv2%2Fcomments&post=22848"}],"version-history":[{"count":0,"href":"https:\/\/eskigazeteci.com\/index.php?rest_route=\/wp\/v2\/posts\/22848\/revisions"}],"wp:featuredmedia":[{"embeddable":true,"href":"https:\/\/eskigazeteci.com\/index.php?rest_route=\/wp\/v2\/media\/22847"}],"wp:attachment":[{"href":"https:\/\/eskigazeteci.com\/index.php?rest_route=%2Fwp%2Fv2%2Fmedia&parent=22848"}],"wp:term":[{"taxonomy":"category","embeddable":true,"href":"https:\/\/eskigazeteci.com\/index.php?rest_route=%2Fwp%2Fv2%2Fcategories&post=22848"},{"taxonomy":"post_tag","embeddable":true,"href":"https:\/\/eskigazeteci.com\/index.php?rest_route=%2Fwp%2Fv2%2Ftags&post=22848"}],"curies":[{"name":"wp","href":"https:\/\/api.w.org\/{rel}","templated":true}]}}