{"id":22840,"date":"2026-04-11T13:08:00","date_gmt":"2026-04-11T13:08:00","guid":{"rendered":"https:\/\/eskigazeteci.com\/?p=22840"},"modified":"2026-04-11T13:08:00","modified_gmt":"2026-04-11T13:08:00","slug":"kufretmeyin-diyen-anne-ve-oglunu-olduresiye-darbetmislerdi-yasadigi-dehseti-anlatti","status":"publish","type":"post","link":"https:\/\/eskigazeteci.com\/?p=22840","title":{"rendered":"&#8216;K\u00fcfretmeyin&#8217; diyen anne ve o\u011flunu \u00f6ld\u00fcresiye darbetmi\u015flerdi! Ya\u015fad\u0131\u011f\u0131 deh\u015feti anlatt\u0131"},"content":{"rendered":"<p>Olay, Ramazan Bayram\u0131&#x27;n\u0131n birinci g\u00fcn\u00fc \u0130zmit&#x27;teki bir kafede meydana geldi. Meryem Y\u0131ld\u0131r\u0131m (39) ve o\u011flu Talha Kaan \u0130zal (21), gittikleri kafede bir grubun sald\u0131r\u0131s\u0131na u\u011frad\u0131. Y\u00fcz\u00fcne ve v\u00fccuduna ald\u0131\u011f\u0131 tekmelerle a\u011f\u0131r yaralanan anne Meryem Y\u0131ld\u0131r\u0131m, kanlar i\u00e7inde kald\u0131. O\u011flu taraf\u0131ndan \u00e7a\u011fr\u0131lan ambulansla hastaneye kald\u0131r\u0131lan kad\u0131n\u0131n y\u00fcz\u00fcnde \u00e7ok say\u0131da k\u0131r\u0131k, o\u011flunun ise kaburgas\u0131nda \u00e7atlak tespit edildi. Meryem Y\u0131ld\u0131r\u0131m, 15 g\u00fcnl\u00fck tedavisinin ard\u0131ndan taburcu oldu.<\/p>\n<p>Olay sebebiyle K\u00fcr\u015fat G. tutuklan\u0131rken, di\u011fer 2 \u015f\u00fcpheli ise serbest b\u0131rak\u0131ld\u0131.<\/p>\n<p>&quot;DURUP DURUP VURMU\u015eLAR, BEN KA\u00c7TIK\u00c7A GEL\u0130P VURMU\u015eLAR&quot;<\/p>\n<p>Y\u00fcz ve kafatas\u0131ndaki k\u0131r\u0131klardan kaynakl\u0131 ameliyata al\u0131nan ve bu sebeple kafas\u0131nda 30 z\u0131mba bulunan Meryem Y\u0131ld\u0131r\u0131m, ya\u015fad\u0131\u011f\u0131 zor s\u00fcreci anlatt\u0131.<\/p>\n<p>Hastane s\u00fcrecinden sonra evine gelen Meryem Y\u0131ld\u0131r\u0131m, &quot;Bayram\u0131n birinci g\u00fcn\u00fc o\u011flumla d\u0131\u015far\u0131da yemekteydik. Sonra e\u011flenmek i\u00e7in gitti\u011fimiz mekanda tan\u0131mad\u0131\u011f\u0131m\u0131z ki\u015filer taraf\u0131ndan darp edildik. Orada ba\u015fka bir kavga vard\u0131. Bizi darp eden \u015fah\u0131slar \u00f6nce mekandaki garsonu tartaklad\u0131lar. Garson i\u00e7eri ka\u00e7\u0131nca bunlar da i\u00e7eri girdi. \u0130\u00e7eri girdiklerinde de k\u00fcf\u00fcr ediyorlard\u0131. O\u011flum da &#x27;Beyler k\u00fcf\u00fcr etmesek mi&#x27;? dedi. Bunun \u00fczerine o\u011fluma yumruk&#8230;<\/p>\n","protected":false},"excerpt":{"rendered":"<p>Kocaeli&#8217;de bayram g\u00fcn\u00fc gittikleri bir kafede \u00f6ld\u00fcresiye darbedilen anne ve o\u011flu taburcu edildi. Meryem Y\u0131ld\u0131r\u0131m (39) ya\u015fad\u0131\u011f\u0131 zorlu\u011fu, tehditleri ve&#8230;<\/p>\n","protected":false},"author":2,"featured_media":22839,"comment_status":"open","ping_status":"open","sticky":false,"template":"","format":"standard","meta":{"footnotes":""},"categories":[8,6,5],"tags":[],"class_list":["post-22840","post","type-post","status-publish","format-standard","has-post-thumbnail","hentry","category-arsiv","category-gundem","category-son-dakika"],"_links":{"self":[{"href":"https:\/\/eskigazeteci.com\/index.php?rest_route=\/wp\/v2\/posts\/22840","targetHints":{"allow":["GET"]}}],"collection":[{"href":"https:\/\/eskigazeteci.com\/index.php?rest_route=\/wp\/v2\/posts"}],"about":[{"href":"https:\/\/eskigazeteci.com\/index.php?rest_route=\/wp\/v2\/types\/post"}],"author":[{"embeddable":true,"href":"https:\/\/eskigazeteci.com\/index.php?rest_route=\/wp\/v2\/users\/2"}],"replies":[{"embeddable":true,"href":"https:\/\/eskigazeteci.com\/index.php?rest_route=%2Fwp%2Fv2%2Fcomments&post=22840"}],"version-history":[{"count":0,"href":"https:\/\/eskigazeteci.com\/index.php?rest_route=\/wp\/v2\/posts\/22840\/revisions"}],"wp:featuredmedia":[{"embeddable":true,"href":"https:\/\/eskigazeteci.com\/index.php?rest_route=\/wp\/v2\/media\/22839"}],"wp:attachment":[{"href":"https:\/\/eskigazeteci.com\/index.php?rest_route=%2Fwp%2Fv2%2Fmedia&parent=22840"}],"wp:term":[{"taxonomy":"category","embeddable":true,"href":"https:\/\/eskigazeteci.com\/index.php?rest_route=%2Fwp%2Fv2%2Fcategories&post=22840"},{"taxonomy":"post_tag","embeddable":true,"href":"https:\/\/eskigazeteci.com\/index.php?rest_route=%2Fwp%2Fv2%2Ftags&post=22840"}],"curies":[{"name":"wp","href":"https:\/\/api.w.org\/{rel}","templated":true}]}}