{"id":22838,"date":"2026-04-11T13:06:28","date_gmt":"2026-04-11T13:06:28","guid":{"rendered":"https:\/\/eskigazeteci.com\/?p=22838"},"modified":"2026-04-11T13:06:28","modified_gmt":"2026-04-11T13:06:28","slug":"cumhurbaskani-erdogan-ateskes-sabote-edilmemeli","status":"publish","type":"post","link":"https:\/\/eskigazeteci.com\/?p=22838","title":{"rendered":"Cumhurba\u015fkan\u0131 Erdo\u011fan: Ate\u015fkes sabote edilmemeli"},"content":{"rendered":"<p>Cumhurba\u015fkan\u0131 Recep Tayyip Erdo\u011fan ile Fransa Cumhurba\u015fkan\u0131 Emmanuel Macron aras\u0131nda kritik bir telefon g\u00f6r\u00fc\u015fmesi ger\u00e7ekle\u015ftirildi. G\u00f6r\u00fc\u015fmede ikili ili\u015fkilerin yan\u0131 s\u0131ra b\u00f6lgesel ve k\u00fcresel geli\u015fmeler masaya yat\u0131r\u0131ld\u0131.<\/p>\n<p>SAVUNMA SANAY\u0130\u0130 VURGUSU<\/p>\n<p>Cumhurba\u015fkan\u0131 Erdo\u011fan, T\u00fcrkiye- Fransa ili\u015fkilerinin ba\u015fta savunma sanayii olmak \u00fczere her alanda i\u015f birli\u011fi f\u0131rsatlar\u0131 de\u011ferlendirilerek daha ileriye ta\u015f\u0131nmas\u0131n\u0131n faydal\u0131 olaca\u011f\u0131n\u0131 belirtti.<\/p>\n<p>\u201cATE\u015eKES S\u00dcREC\u0130NDE D\u0130PLOMAS\u0130 ETK\u0130L\u0130 OLDU\u201d<\/p>\n<p>Erdo\u011fan, \u0130ran\u2019a y\u00f6nelik sald\u0131r\u0131larla ba\u015flayan s\u00fcrecin k\u00fcresel \u00f6l\u00e7ekte olumsuz etkiler do\u011furdu\u011funu ifade ederek, T\u00fcrkiye\u2019nin ilgili \u00fclkelerle birlikte y\u00fcr\u00fctt\u00fc\u011f\u00fc diplomatik \u00e7abalar\u0131n ate\u015fkes s\u00fcrecinde \u00f6nemli rol oynad\u0131\u011f\u0131n\u0131 vurgulad\u0131.<\/p>\n<p>\u201cSABOTAJA \u0130Z\u0130N VER\u0130LMEMEL\u0130\u201d<\/p>\n<p>G\u00f6r\u00fc\u015fmede L\u00fcbnan\u2019a y\u00f6nelik sald\u0131r\u0131lara dikkat \u00e7eken Cumhurba\u015fkan\u0131 Erdo\u011fan, ate\u015fkes s\u00fcrecini sabote edebilecek giri\u015fimlere f\u0131rsat verilmemesi gerekti\u011fini belirtti. T\u00fcrkiye\u2019nin bu s\u00fcre\u00e7te \u00fczerine d\u00fc\u015fen katk\u0131y\u0131 sunmaya devam edece\u011fini ifade etti.<\/p>\n<p>GAZZE \u0130\u00c7\u0130N \u0130K\u0130NC\u0130 A\u015eAMA MESAJI<\/p>\n<p>Cumhurba\u015fkan\u0131 Erdo\u011fan , Gazze\u2019deki bar\u0131\u015f plan\u0131n\u0131n ikinci a\u015famas\u0131n\u0131n ba\u015flat\u0131lmas\u0131n\u0131n b\u00fcy\u00fck \u00f6nem ta\u015f\u0131d\u0131\u011f\u0131n\u0131 belirterek, bu konuda yakalanan ivmenin kaybedilmemesi gerekti\u011fini dile&#8230;<\/p>\n","protected":false},"excerpt":{"rendered":"<p>Cumhurba\u015fkan\u0131 Recep Tayyip Erdo\u011fan, Fransa Cumhurba\u015fkan\u0131 Emmanuel Macron ile g\u00f6r\u00fc\u015ft\u00fc. Cumhurba\u015fkan\u0131 Erdo\u011fan, g\u00f6r\u00fc\u015fmede, ABD ve \u0130ran aras\u0131ndaki ate\u015fkes&#8230;<\/p>\n","protected":false},"author":2,"featured_media":22837,"comment_status":"open","ping_status":"open","sticky":false,"template":"","format":"standard","meta":{"footnotes":""},"categories":[8,6,5],"tags":[],"class_list":["post-22838","post","type-post","status-publish","format-standard","has-post-thumbnail","hentry","category-arsiv","category-gundem","category-son-dakika"],"_links":{"self":[{"href":"https:\/\/eskigazeteci.com\/index.php?rest_route=\/wp\/v2\/posts\/22838","targetHints":{"allow":["GET"]}}],"collection":[{"href":"https:\/\/eskigazeteci.com\/index.php?rest_route=\/wp\/v2\/posts"}],"about":[{"href":"https:\/\/eskigazeteci.com\/index.php?rest_route=\/wp\/v2\/types\/post"}],"author":[{"embeddable":true,"href":"https:\/\/eskigazeteci.com\/index.php?rest_route=\/wp\/v2\/users\/2"}],"replies":[{"embeddable":true,"href":"https:\/\/eskigazeteci.com\/index.php?rest_route=%2Fwp%2Fv2%2Fcomments&post=22838"}],"version-history":[{"count":0,"href":"https:\/\/eskigazeteci.com\/index.php?rest_route=\/wp\/v2\/posts\/22838\/revisions"}],"wp:featuredmedia":[{"embeddable":true,"href":"https:\/\/eskigazeteci.com\/index.php?rest_route=\/wp\/v2\/media\/22837"}],"wp:attachment":[{"href":"https:\/\/eskigazeteci.com\/index.php?rest_route=%2Fwp%2Fv2%2Fmedia&parent=22838"}],"wp:term":[{"taxonomy":"category","embeddable":true,"href":"https:\/\/eskigazeteci.com\/index.php?rest_route=%2Fwp%2Fv2%2Fcategories&post=22838"},{"taxonomy":"post_tag","embeddable":true,"href":"https:\/\/eskigazeteci.com\/index.php?rest_route=%2Fwp%2Fv2%2Ftags&post=22838"}],"curies":[{"name":"wp","href":"https:\/\/api.w.org\/{rel}","templated":true}]}}