{"id":2283,"date":"2026-02-20T05:39:21","date_gmt":"2026-02-20T05:39:21","guid":{"rendered":"https:\/\/eskigazeteci.com\/?p=2283"},"modified":"2026-02-20T05:39:21","modified_gmt":"2026-02-20T05:39:21","slug":"son-dakika-golu-sonrasi-sivasspor-taraftari-tesisleri-basti","status":"publish","type":"post","link":"https:\/\/eskigazeteci.com\/?p=2283","title":{"rendered":"Son dakika gol\u00fc sonras\u0131 Sivasspor taraftar\u0131 tesisleri bast\u0131!"},"content":{"rendered":"<p>Trendyol 1. Lig&#x27;in 26. haftas\u0131nda Adana temsilcisine konuk olan Sivasspor, kar\u015f\u0131la\u015fmada 1-0 \u00f6ne ge\u00e7mesine ra\u011fmen 88. dakikada kalesinde g\u00f6rd\u00fc\u011f\u00fc golle sahadan 1-1&#x27;lik e\u015fitlikle ayr\u0131ld\u0131. Bu sonu\u00e7la galibiyeti son anlarda ka\u00e7\u0131ran Sivas ekibi \u00f6nemli iki puan\u0131 b\u0131rak\u0131rken, ev sahibi ekip ise ligde \u00fc\u00e7\u00fcnc\u00fc kez puan alma sevinci ya\u015fad\u0131.<\/p>\n<p>Ma\u00e7\u0131n ard\u0131ndan Sivas&#x27;a d\u00f6nen tak\u0131m kafilesi, Sivasspor tesisleri \u00f6n\u00fcnde toplanan taraftar gruplar\u0131n\u0131n protestosuyla kar\u015f\u0131la\u015ft\u0131. &quot;Legend&quot; ve &quot;Elli Sekiz&quot; isimli taraftar gruplar\u0131, son haftalardaki performans ve ligdeki gidi\u015fat nedeniyle tak\u0131ma ve y\u00f6netime tepki g\u00f6sterdi.<\/p>\n<p>Ak\u015fam saatlerinde tesisler \u00f6n\u00fcnde bir araya gelen kalabal\u0131k, tak\u0131m otob\u00fcs\u00fcn\u00fcn giri\u015f yapt\u0131\u011f\u0131 s\u0131rada sloganlar atarak oyunculara tepkisini dile getirdi. Olas\u0131 bir olumsuzlu\u011fa kar\u015f\u0131 emniyet g\u00fc\u00e7leri b\u00f6lgede geni\u015f g\u00fcvenlik \u00f6nlemleri ald\u0131.<\/p>\n<p>Y\u00f6netim ve teknik heyet taraftar\u0131n yan\u0131na gitti Ya\u015fanan geli\u015fmelerin ard\u0131ndan Teknik Direkt\u00f6r \u0130smet Ta\u015fdemir, golc\u00fc oyuncu Rey Manaj ve Kul\u00fcp Ba\u015fkan\u0131 Burak \u00d6z\u00e7oban g\u00fcvenlik \u00f6nlemleri e\u015fli\u011finde taraftarlar\u0131n yan\u0131na gelerek bir s\u00fcre g\u00f6r\u00fc\u015fme ger\u00e7ekle\u015ftirdi. Kul\u00fcp Ba\u015fkan\u0131 \u00d6z\u00e7oban, taraftar\u0131n tepkisini anlad\u0131klar\u0131n\u0131 belirterek, tak\u0131m\u0131n yeniden toparlanmas\u0131 ad\u0131na&#8230;<\/p>\n","protected":false},"excerpt":{"rendered":"<p>Sivasspor, deplasmanda Adana Demirspor ile 1-1 berabere kald\u0131\u011f\u0131 ma\u00e7\u0131n ard\u0131ndan taraftar\u0131n\u0131n sert tepkisiyle kar\u015f\u0131la\u015ft\u0131. Son dakikalarda gelen golle&#8230;<\/p>\n","protected":false},"author":2,"featured_media":2282,"comment_status":"open","ping_status":"open","sticky":false,"template":"","format":"standard","meta":{"footnotes":""},"categories":[8,5,7],"tags":[],"class_list":["post-2283","post","type-post","status-publish","format-standard","has-post-thumbnail","hentry","category-arsiv","category-son-dakika","category-spor"],"_links":{"self":[{"href":"https:\/\/eskigazeteci.com\/index.php?rest_route=\/wp\/v2\/posts\/2283","targetHints":{"allow":["GET"]}}],"collection":[{"href":"https:\/\/eskigazeteci.com\/index.php?rest_route=\/wp\/v2\/posts"}],"about":[{"href":"https:\/\/eskigazeteci.com\/index.php?rest_route=\/wp\/v2\/types\/post"}],"author":[{"embeddable":true,"href":"https:\/\/eskigazeteci.com\/index.php?rest_route=\/wp\/v2\/users\/2"}],"replies":[{"embeddable":true,"href":"https:\/\/eskigazeteci.com\/index.php?rest_route=%2Fwp%2Fv2%2Fcomments&post=2283"}],"version-history":[{"count":0,"href":"https:\/\/eskigazeteci.com\/index.php?rest_route=\/wp\/v2\/posts\/2283\/revisions"}],"wp:featuredmedia":[{"embeddable":true,"href":"https:\/\/eskigazeteci.com\/index.php?rest_route=\/wp\/v2\/media\/2282"}],"wp:attachment":[{"href":"https:\/\/eskigazeteci.com\/index.php?rest_route=%2Fwp%2Fv2%2Fmedia&parent=2283"}],"wp:term":[{"taxonomy":"category","embeddable":true,"href":"https:\/\/eskigazeteci.com\/index.php?rest_route=%2Fwp%2Fv2%2Fcategories&post=2283"},{"taxonomy":"post_tag","embeddable":true,"href":"https:\/\/eskigazeteci.com\/index.php?rest_route=%2Fwp%2Fv2%2Ftags&post=2283"}],"curies":[{"name":"wp","href":"https:\/\/api.w.org\/{rel}","templated":true}]}}