{"id":2279,"date":"2026-02-20T05:29:19","date_gmt":"2026-02-20T05:29:19","guid":{"rendered":"https:\/\/eskigazeteci.com\/?p=2279"},"modified":"2026-02-20T05:29:19","modified_gmt":"2026-02-20T05:29:19","slug":"fenerbahceye-kotu-haber-skriniar-sakatlandi","status":"publish","type":"post","link":"https:\/\/eskigazeteci.com\/?p=2279","title":{"rendered":"Fenerbah\u00e7e&#8217;ye k\u00f6t\u00fc haber! Skriniar sakatland\u0131"},"content":{"rendered":"<p>UEFA Avrupa Ligi son 16 play-off turu Fenerbah\u00e7e evinde Nottingham Forest ile kar\u015f\u0131 kar\u015f\u0131ya geldi.<\/p>\n<p>SKRINIAR MA\u00c7A DEVAM EDEMED\u0130<\/p>\n<p>Kad\u0131k\u00f6y&#x27;deki ma\u00e7ta erken bir sakatl\u0131k ya\u015fand\u0131. Ma\u00e7\u0131n 23. dakikas\u0131nda sakatlanan Milan Skriniar ma\u00e7\u0131n geri kalan\u0131na devam edemedi. Slovak savunma oyuncusunun yerine \u00c7a\u011flar S\u00f6y\u00fcnc\u00fc dahil oldu.<\/p>\n<p>&#x27;C\u0130DD\u0130 G\u00d6R\u00dcN\u00dcYOR&#x27;<\/p>\n<p>Ma\u00e7 sonu Skriniar&#x27;\u0131n sakatl\u0131\u011f\u0131 hakk\u0131nda konu\u015fan Domenico Tedesco, &quot;Skriniar&#x27;\u0131n durumu ciddi g\u00f6r\u00fcn\u00fcyor. B\u00fcy\u00fck bir problem.&quot; dedi.<\/p>\n<p>Tedesco, Skriniar ile sar\u0131 kart cezal\u0131s\u0131 durumuna d\u00fc\u015fen Oosterwolde&#x27;nin Nottingham Forest ile oynanacak r\u00f6van\u015f ma\u00e7\u0131nda olmayaca\u011f\u0131n\u0131 da belirtti.<\/p>\n<p>3-4 HAFTA YOK \u0130DD\u0130ASI<\/p>\n<p>Tecr\u00fcbeli stoperin kesin durumunun bug\u00fcn \u00e7ekilecek MR sonu\u00e7lar\u0131na g\u00f6re belli olaca\u011f\u0131 fakat 3-4 hafta aras\u0131nda sahalarda uzak kalmas\u0131 beklendi\u011fi \u00f6\u011frenildi.<\/p>\n<p>Skriniar&#x27;\u0131n formas\u0131ndan 1 ay uzak kalmas\u0131 halinde ka\u00e7\u0131raca\u011f\u0131 ma\u00e7lar \u015f\u00f6yle:<\/p>\n<p>Kas\u0131m\u015fapa &#8211; S\u00fcper Lig<\/p>\n<p>Nottingham Forest (D) &#8211; UEFA Avrupa Ligi<\/p>\n<p>Antalyaspor (D) &#8211; S\u00fcper Lig<\/p>\n<p>Gaziantep FK (D) &#8211; T\u00fcrkiye Kupas\u0131<\/p>\n<p>Samsunspor &#8211; S\u00fcper Lig<\/p>\n<p>Fatih Karag\u00fcmr\u00fck (D) &#8211; S\u00fcper Lig<\/p>\n<p>Gaziantep FK &#8211; S\u00fcper Lig<\/p>\n<p>SEZON PERFORMANSI<\/p>\n<p>Bu sezon Fenerbah\u00e7e formas\u0131 ile 35 ma\u00e7a \u00e7\u0131kan Milan Skriniar 2 gol kaydetti.<\/p>\n<p>T\u00fcrkiye&#x27;den ve&#8230;<\/p>\n","protected":false},"excerpt":{"rendered":"<p>UEFA Avrupa Ligi son 16 play-off turu ilk ma\u00e7\u0131nda evinde Nottingham Forest&#8217;a 3-0 yenilen Fenerbah\u00e7e&#8217;de sakatl\u0131k ya\u015fayan Milan Skriniar ma\u00e7a devam edemedi.<\/p>\n","protected":false},"author":2,"featured_media":2278,"comment_status":"open","ping_status":"open","sticky":false,"template":"","format":"standard","meta":{"footnotes":""},"categories":[8,5,7],"tags":[],"class_list":["post-2279","post","type-post","status-publish","format-standard","has-post-thumbnail","hentry","category-arsiv","category-son-dakika","category-spor"],"_links":{"self":[{"href":"https:\/\/eskigazeteci.com\/index.php?rest_route=\/wp\/v2\/posts\/2279","targetHints":{"allow":["GET"]}}],"collection":[{"href":"https:\/\/eskigazeteci.com\/index.php?rest_route=\/wp\/v2\/posts"}],"about":[{"href":"https:\/\/eskigazeteci.com\/index.php?rest_route=\/wp\/v2\/types\/post"}],"author":[{"embeddable":true,"href":"https:\/\/eskigazeteci.com\/index.php?rest_route=\/wp\/v2\/users\/2"}],"replies":[{"embeddable":true,"href":"https:\/\/eskigazeteci.com\/index.php?rest_route=%2Fwp%2Fv2%2Fcomments&post=2279"}],"version-history":[{"count":0,"href":"https:\/\/eskigazeteci.com\/index.php?rest_route=\/wp\/v2\/posts\/2279\/revisions"}],"wp:featuredmedia":[{"embeddable":true,"href":"https:\/\/eskigazeteci.com\/index.php?rest_route=\/wp\/v2\/media\/2278"}],"wp:attachment":[{"href":"https:\/\/eskigazeteci.com\/index.php?rest_route=%2Fwp%2Fv2%2Fmedia&parent=2279"}],"wp:term":[{"taxonomy":"category","embeddable":true,"href":"https:\/\/eskigazeteci.com\/index.php?rest_route=%2Fwp%2Fv2%2Fcategories&post=2279"},{"taxonomy":"post_tag","embeddable":true,"href":"https:\/\/eskigazeteci.com\/index.php?rest_route=%2Fwp%2Fv2%2Ftags&post=2279"}],"curies":[{"name":"wp","href":"https:\/\/api.w.org\/{rel}","templated":true}]}}