{"id":2275,"date":"2026-02-20T05:09:20","date_gmt":"2026-02-20T05:09:20","guid":{"rendered":"https:\/\/eskigazeteci.com\/?p=2275"},"modified":"2026-02-20T05:09:20","modified_gmt":"2026-02-20T05:09:20","slug":"adana-toki-kura-cekilisi-20-subat-2026-canli-izle","status":"publish","type":"post","link":"https:\/\/eskigazeteci.com\/?p=2275","title":{"rendered":"ADANA TOK\u0130 KURA \u00c7EK\u0130L\u0130\u015e\u0130 20 \u015eUBAT 2026 (CANLI \u0130ZLE)"},"content":{"rendered":"<p>Adana TOK\u0130 kura \u00e7ekimi sonu\u00e7lar\u0131 ve hak sahipleri isim listesi, 20 \u015eubat 2026 Cuma g\u00fcn\u00fc ger\u00e7ekle\u015ftirilecek \u00e7ekili\u015fin ard\u0131ndan eri\u015fime a\u00e7\u0131lacak. TOK\u0130 500 bin sosyal konut projesi kapsam\u0131nda Adana&#x27;n\u0131n belirlenen il\u00e7elerine toplam 12.400 konut in\u015fa edilecek. Kampanya kapsam\u0131nda konutlar, y\u00fczde 10 pe\u015finat ve 240 aya varan vade imkanlar\u0131yla sat\u0131\u015fa sunulacak. 55, 65, 80 metrekareden olu\u015fan 1+1 ve 2+1 TOK\u0130 daireleri Adana&#x27;n\u0131n Merkez, Alada\u011f, Ceyhan, Feke, \u0130mamo\u011flu, Karaisal\u0131, Karata\u015f, Kozan, Pozant\u0131, Saimbeyli, Tufanbeyli, Yumurtal\u0131k il\u00e7elerine yap\u0131lacak. Di\u011fer taraftan TOK\u0130 \u00f6deme detaylar\u0131 kurada ad\u0131 \u00e7\u0131kan vatanda\u015flar taraf\u0131ndan merak ediliyor. Peki TOK\u0130 Adana kura sonu\u00e7lar\u0131 a\u00e7\u0131kland\u0131 m\u0131? Adana TOK\u0130 kura \u00e7ekimi sonucu asil yedek isim listesi nereden ve nas\u0131l \u00f6\u011frenilir?<\/p>\n<p>TOK\u0130 Adana kura \u00e7ekimi, 20 \u015eubat 2026 Cuma g\u00fcn\u00fc saat 11.00&#x27;de ger\u00e7ekle\u015ftirilecek. Adana M\u00fcze Kompleksi M\u00fcze Konferans Salonu&#x27;nda yap\u0131lacak kura \u00e7ekimi ile hak sahipleri belli olacak. TOK\u0130 sosyal konut projesi kapsam\u0131nda Adana&#x27;n\u0131n Merkez, Alada\u011f, Ceyhan, Feke, \u0130mamo\u011flu, Karaisal\u0131, Karata\u015f, Kozan, Pozant\u0131, Saimbeyli, Tufanbeyli, Yumurtal\u0131k il\u00e7elerine toplam 12.400 konut in\u015fa edilecek.<\/p>\n<p>TOK\u0130 Adana kura \u00e7ekimi, 20 \u015eubat 2026&#8230;<\/p>\n","protected":false},"excerpt":{"rendered":"<p>TOK\u0130 Adana kura \u00e7ekili\u015fi ve asil yedek hak sahipleri isim listesi, ev sahibi olmak isteyen vatanda\u015flar taraf\u0131ndan yo\u011fun olarak ara\u015ft\u0131r\u0131l\u0131yor. \u0130l il devam&#8230;<\/p>\n","protected":false},"author":2,"featured_media":2274,"comment_status":"open","ping_status":"open","sticky":false,"template":"","format":"standard","meta":{"footnotes":""},"categories":[8,6,5],"tags":[],"class_list":["post-2275","post","type-post","status-publish","format-standard","has-post-thumbnail","hentry","category-arsiv","category-gundem","category-son-dakika"],"_links":{"self":[{"href":"https:\/\/eskigazeteci.com\/index.php?rest_route=\/wp\/v2\/posts\/2275","targetHints":{"allow":["GET"]}}],"collection":[{"href":"https:\/\/eskigazeteci.com\/index.php?rest_route=\/wp\/v2\/posts"}],"about":[{"href":"https:\/\/eskigazeteci.com\/index.php?rest_route=\/wp\/v2\/types\/post"}],"author":[{"embeddable":true,"href":"https:\/\/eskigazeteci.com\/index.php?rest_route=\/wp\/v2\/users\/2"}],"replies":[{"embeddable":true,"href":"https:\/\/eskigazeteci.com\/index.php?rest_route=%2Fwp%2Fv2%2Fcomments&post=2275"}],"version-history":[{"count":0,"href":"https:\/\/eskigazeteci.com\/index.php?rest_route=\/wp\/v2\/posts\/2275\/revisions"}],"wp:featuredmedia":[{"embeddable":true,"href":"https:\/\/eskigazeteci.com\/index.php?rest_route=\/wp\/v2\/media\/2274"}],"wp:attachment":[{"href":"https:\/\/eskigazeteci.com\/index.php?rest_route=%2Fwp%2Fv2%2Fmedia&parent=2275"}],"wp:term":[{"taxonomy":"category","embeddable":true,"href":"https:\/\/eskigazeteci.com\/index.php?rest_route=%2Fwp%2Fv2%2Fcategories&post=2275"},{"taxonomy":"post_tag","embeddable":true,"href":"https:\/\/eskigazeteci.com\/index.php?rest_route=%2Fwp%2Fv2%2Ftags&post=2275"}],"curies":[{"name":"wp","href":"https:\/\/api.w.org\/{rel}","templated":true}]}}