{"id":2273,"date":"2026-02-20T05:07:47","date_gmt":"2026-02-20T05:07:47","guid":{"rendered":"https:\/\/eskigazeteci.com\/?p=2273"},"modified":"2026-02-20T05:07:47","modified_gmt":"2026-02-20T05:07:47","slug":"fenerbahcenin-nottingham-yenilgisi-sonrasi-sert-elestiri-bu-mac-hocaya-yazar-kalp-sokulunce-beyin-durdu","status":"publish","type":"post","link":"https:\/\/eskigazeteci.com\/?p=2273","title":{"rendered":"Fenerbah\u00e7e&#8217;nin Nottingham yenilgisi sonras\u0131 sert ele\u015ftiri! &#8216;Bu ma\u00e7 hocaya yazar! Kalp s\u00f6k\u00fcl\u00fcnce beyin durdu&#8217;"},"content":{"rendered":"<p>UEFA Avrupa Ligi Son 16 Play-Off Turu ilk ma\u00e7\u0131nda Fenerbah\u00e7e sahas\u0131nda \u0130ngiltere ekibi Nottingham Forest\u2019\u0131 konuk etti. Fenerbah\u00e7e \u015e\u00fckr\u00fc Sara\u00e7o\u011flu Spor Kompleksi\u2019nde saat 20.45\u2019te ba\u015flayan kar\u015f\u0131la\u015fmada \u0130svi\u00e7re Futbol Federasyonu\u2019ndan Sandro Scharer d\u00fcd\u00fck \u00e7ald\u0131.<\/p>\n<p>\u0130LK YARI 2 FARKLI B\u0130TT\u0130 Kar\u015f\u0131la\u015fman\u0131n ilk 20 dakikal\u0131k b\u00f6l\u00fcm\u00fcnde konuk Nottingham Forest, topa daha \u00e7ok sahip olurken Fenerbah\u00e7e kalesinde etkili pozisyonlar da buldu. \u0130ngiliz ekibi, 21\u2019inci dakikada \u00f6ne ge\u00e7ti. Anderson\u2019un pas\u0131yla topla bulu\u015fan Murillo, ceza sahas\u0131 d\u0131\u015f\u0131 sol \u00e7apraz\u0131ndan yapt\u0131\u011f\u0131 vuru\u015fla topu a\u011flara g\u00f6nderdi: 0-1.<\/p>\n<p>Gol\u00fcn ard\u0131ndan da etkili oyununu s\u00fcrd\u00fcren \u0130ngilizler, 43\u2019\u00fcnc\u00fc dakikada fark\u0131 2\u2019ye \u00e7\u0131kartt\u0131. Sol kanattan kazan\u0131lan kornerde Anderson ortas\u0131n\u0131 yapt\u0131. \u00d6n direkte Gibbs-White\u2019\u0131n arkaya a\u015f\u0131rtt\u0131\u011f\u0131 topu Jesus yapt\u0131\u011f\u0131 kafa vuru\u015fuyla a\u011flara g\u00f6nderdi: 0-2. Kar\u015f\u0131la\u015fman\u0131n ilk yar\u0131s\u0131 Nottingham Forest\u2019\u0131n 2-0\u2019l\u0131k \u00fcst\u00fcnl\u00fc\u011f\u00fcyle ge\u00e7ildi.<\/p>\n<p>F.BAH\u00c7E&#x27;YE KADIK\u00d6Y&#x27;DE SO\u011eUK DU\u015e Fenerbah\u00e7e Teknik Direkt\u00f6r\u00fc Domenico Tedesco, ikinci yar\u0131ya hamleler yaparak ba\u015flad\u0131. Kerem Akt\u00fcrko\u011flu ve Mert M\u00fcld\u00fcr\u2019\u00fc oyundan alan Tedesco, Nene ve Levent Mercan\u2019\u0131 sahaya s\u00fcrd\u00fc. \u0130kinci yar\u0131n\u0131n ba\u015f\u0131nda konuk ekip bir gol daha buldu. Hutchinson\u2019un&#8230;<\/p>\n","protected":false},"excerpt":{"rendered":"<p>UEFA Avrupa Ligi Son 16 Play-Off Turu ilk ma\u00e7\u0131nda Fenerbah\u00e7e sahas\u0131nda \u0130ngiltere ekibi Nottingham Forest\u2019a 3-0 ma\u011flup oldu. Kar\u015f\u0131la\u015fmay\u0131 H\u00fcrriyet yazarlar\u0131&#8230;<\/p>\n","protected":false},"author":2,"featured_media":2272,"comment_status":"open","ping_status":"open","sticky":false,"template":"","format":"standard","meta":{"footnotes":""},"categories":[8,5,7],"tags":[],"class_list":["post-2273","post","type-post","status-publish","format-standard","has-post-thumbnail","hentry","category-arsiv","category-son-dakika","category-spor"],"_links":{"self":[{"href":"https:\/\/eskigazeteci.com\/index.php?rest_route=\/wp\/v2\/posts\/2273","targetHints":{"allow":["GET"]}}],"collection":[{"href":"https:\/\/eskigazeteci.com\/index.php?rest_route=\/wp\/v2\/posts"}],"about":[{"href":"https:\/\/eskigazeteci.com\/index.php?rest_route=\/wp\/v2\/types\/post"}],"author":[{"embeddable":true,"href":"https:\/\/eskigazeteci.com\/index.php?rest_route=\/wp\/v2\/users\/2"}],"replies":[{"embeddable":true,"href":"https:\/\/eskigazeteci.com\/index.php?rest_route=%2Fwp%2Fv2%2Fcomments&post=2273"}],"version-history":[{"count":0,"href":"https:\/\/eskigazeteci.com\/index.php?rest_route=\/wp\/v2\/posts\/2273\/revisions"}],"wp:featuredmedia":[{"embeddable":true,"href":"https:\/\/eskigazeteci.com\/index.php?rest_route=\/wp\/v2\/media\/2272"}],"wp:attachment":[{"href":"https:\/\/eskigazeteci.com\/index.php?rest_route=%2Fwp%2Fv2%2Fmedia&parent=2273"}],"wp:term":[{"taxonomy":"category","embeddable":true,"href":"https:\/\/eskigazeteci.com\/index.php?rest_route=%2Fwp%2Fv2%2Fcategories&post=2273"},{"taxonomy":"post_tag","embeddable":true,"href":"https:\/\/eskigazeteci.com\/index.php?rest_route=%2Fwp%2Fv2%2Ftags&post=2273"}],"curies":[{"name":"wp","href":"https:\/\/api.w.org\/{rel}","templated":true}]}}