{"id":22,"date":"2026-02-06T09:07:59","date_gmt":"2026-02-06T09:07:59","guid":{"rendered":"https:\/\/eskigazeteci.com\/?p=22"},"modified":"2026-02-06T09:07:59","modified_gmt":"2026-02-06T09:07:59","slug":"izmirde-yeni-ulasim-hatti","status":"publish","type":"post","link":"https:\/\/eskigazeteci.com\/?p=22","title":{"rendered":"Izmirde yeni ula\u015f\u0131m hatt\u0131"},"content":{"rendered":"<p>\u0130lk etap \u00e7al\u0131\u015fmalar\u0131 ba\u015flad\u0131. Sefer s\u0131kl\u0131klar\u0131 art\u0131r\u0131l\u0131yor.<\/p>\n","protected":false},"excerpt":{"rendered":"<p>K\u00f6rfez \u00e7evresinde ba\u011flant\u0131 g\u00fc\u00e7leniyor.<\/p>\n","protected":false},"author":0,"featured_media":9,"comment_status":"open","ping_status":"open","sticky":false,"template":"","format":"standard","meta":{"footnotes":""},"categories":[8,4],"tags":[],"class_list":["post-22","post","type-post","status-publish","format-standard","has-post-thumbnail","hentry","category-arsiv","category-ege"],"_links":{"self":[{"href":"https:\/\/eskigazeteci.com\/index.php?rest_route=\/wp\/v2\/posts\/22","targetHints":{"allow":["GET"]}}],"collection":[{"href":"https:\/\/eskigazeteci.com\/index.php?rest_route=\/wp\/v2\/posts"}],"about":[{"href":"https:\/\/eskigazeteci.com\/index.php?rest_route=\/wp\/v2\/types\/post"}],"replies":[{"embeddable":true,"href":"https:\/\/eskigazeteci.com\/index.php?rest_route=%2Fwp%2Fv2%2Fcomments&post=22"}],"version-history":[{"count":0,"href":"https:\/\/eskigazeteci.com\/index.php?rest_route=\/wp\/v2\/posts\/22\/revisions"}],"wp:featuredmedia":[{"embeddable":true,"href":"https:\/\/eskigazeteci.com\/index.php?rest_route=\/wp\/v2\/media\/9"}],"wp:attachment":[{"href":"https:\/\/eskigazeteci.com\/index.php?rest_route=%2Fwp%2Fv2%2Fmedia&parent=22"}],"wp:term":[{"taxonomy":"category","embeddable":true,"href":"https:\/\/eskigazeteci.com\/index.php?rest_route=%2Fwp%2Fv2%2Fcategories&post=22"},{"taxonomy":"post_tag","embeddable":true,"href":"https:\/\/eskigazeteci.com\/index.php?rest_route=%2Fwp%2Fv2%2Ftags&post=22"}],"curies":[{"name":"wp","href":"https:\/\/api.w.org\/{rel}","templated":true}]}}