{"id":216,"date":"2026-02-09T09:53:31","date_gmt":"2026-02-09T09:53:31","guid":{"rendered":"https:\/\/eskigazeteci.com\/?p=216"},"modified":"2026-02-09T09:53:31","modified_gmt":"2026-02-09T09:53:31","slug":"haber-83","status":"publish","type":"post","link":"https:\/\/eskigazeteci.com\/?p=216","title":{"rendered":"Haber"},"content":{"rendered":"<p>Ara transfer d\u00f6neminde 8 as tak\u0131m oyuncusuyla yollar\u0131n\u0131 ay\u0131ran ve kadrosunu Devis V\u00e1squez, Amir Murillo, Yasin \u00d6zcan, Emmanuel Agbadou, Kristjan Asllani, Junior Olaitan ve Hyeon-gyu Oh gibi isimlerle g\u00fc\u00e7lendiren Be\u015fikta\u015f &#x27;ta yeni sezon kadro planlamas\u0131 \u00e7er\u00e7evesinde transfer \u00e7al\u0131\u015fmalar\u0131 son s\u00fcrat devam ediyor.<\/p>\n<p>GONZALO GARCIA \u0130\u00c7\u0130N RESM\u0130 TEKL\u0130F \u0130DD\u0130ASI<\/p>\n<p>\u0130spanyol bas\u0131n\u0131ndan Fichajes&#x27;in haberine g\u00f6re; Be\u015fikta\u015f, Real Madrid&#x27;de forma \u015fans\u0131 bulmakta g\u00fc\u00e7l\u00fck \u00e7eken 22 ya\u015f\u0131ndaki \u0130spanyol forvet oyuncusu i\u00e7in 25 milyon euroluk resmi teklifte bulundu.<\/p>\n<p>TEKL\u0130F DE\u011eERLEND\u0130R\u0130L\u0130YOR<\/p>\n<p>Real Madrid&#x27;in potansiyeli y\u00fcksek ancak ilk 11&#x27;de oynama \u015fans\u0131 \u00e7ok d\u00fc\u015f\u00fck olan gen\u00e7 futbolcu i\u00e7in gelen 25 milyon euroluk teklifi piyasa ko\u015fullar\u0131nda \u00f6nemli bir miktar olarak g\u00f6rd\u00fc\u011f\u00fc ve teklifi de\u011ferlendirmeye ald\u0131\u011f\u0131 belirtiliyor.<\/p>\n<p>AYRILI\u011eA SICAK BAKIYOR<\/p>\n<p>Buldu\u011fu s\u0131n\u0131rl\u0131 f\u0131rsatlar\u0131 iyi de\u011ferlendirmesine ra\u011fmen bir t\u00fcrl\u00fc d\u00fczenli oynama \u015fans\u0131 elde edemeyen Gonzalo Garcia&#x27;n\u0131n gelecek sezon rekabetin daha \u00e7etin ge\u00e7ece\u011fi d\u00fc\u015f\u00fcn\u00fcld\u00fc\u011f\u00fcnde Be\u015fikta\u015f&#x27;tan gelen teklifi kariyerini yeniden canland\u0131rmak i\u00e7in ciddi bir se\u00e7enek olarak g\u00f6rd\u00fc\u011f\u00fc belirtiliyor.<\/p>\n<p>PERFORMANSI<\/p>\n<p>Santrforun yan\u0131 s\u0131ra sa\u011f ve sol forvet olarak da g\u00f6rev yapabilen Gonzalo Garcia , bu sezon Real Madrid formas\u0131yla t\u00fcm kulvarlarda 26 ma\u00e7a \u00e7\u0131karken sahada bulundu\u011fu 860 dakikaya 5 gol &#8211; 2 asist s\u0131\u011fd\u0131rd\u0131.<\/p>\n<p>T\u00fcrkiye&#x27;den ve D\u00fcnya\u2019dan son dakika haberleri, k\u00f6\u015fe yaz\u0131lar\u0131, magazinden siyasete, spordan seyahate b\u00fct\u00fcn konular\u0131n tek adresi Hurriyet.com.tr haber i\u00e7erikleri izin al\u0131nmadan, kaynak g\u00f6sterilerek dahi iktibas edilemez. Kanuna ayk\u0131r\u0131 ve izinsiz olarak kopyalanamaz, ba\u015fka yerde yay\u0131nlanamaz.<\/p>\n","protected":false},"excerpt":{"rendered":"<p>Yeni sezon kadro planlamas\u0131 \u00e7er\u00e7evesinde transfer \u00e7al\u0131\u015fmalar\u0131n\u0131 ara vermeden s\u00fcrd\u00fcren Be\u015fikta\u015f, Real Madrid&#8217;in gen\u00e7 y\u0131ld\u0131z\u0131 Gonzalo Garcia i\u00e7in resmi&#8230;<\/p>\n","protected":false},"author":2,"featured_media":215,"comment_status":"open","ping_status":"open","sticky":false,"template":"","format":"standard","meta":{"footnotes":""},"categories":[8,3],"tags":[],"class_list":["post-216","post","type-post","status-publish","format-standard","has-post-thumbnail","hentry","category-arsiv","category-siyaset"],"_links":{"self":[{"href":"https:\/\/eskigazeteci.com\/index.php?rest_route=\/wp\/v2\/posts\/216","targetHints":{"allow":["GET"]}}],"collection":[{"href":"https:\/\/eskigazeteci.com\/index.php?rest_route=\/wp\/v2\/posts"}],"about":[{"href":"https:\/\/eskigazeteci.com\/index.php?rest_route=\/wp\/v2\/types\/post"}],"author":[{"embeddable":true,"href":"https:\/\/eskigazeteci.com\/index.php?rest_route=\/wp\/v2\/users\/2"}],"replies":[{"embeddable":true,"href":"https:\/\/eskigazeteci.com\/index.php?rest_route=%2Fwp%2Fv2%2Fcomments&post=216"}],"version-history":[{"count":0,"href":"https:\/\/eskigazeteci.com\/index.php?rest_route=\/wp\/v2\/posts\/216\/revisions"}],"wp:featuredmedia":[{"embeddable":true,"href":"https:\/\/eskigazeteci.com\/index.php?rest_route=\/wp\/v2\/media\/215"}],"wp:attachment":[{"href":"https:\/\/eskigazeteci.com\/index.php?rest_route=%2Fwp%2Fv2%2Fmedia&parent=216"}],"wp:term":[{"taxonomy":"category","embeddable":true,"href":"https:\/\/eskigazeteci.com\/index.php?rest_route=%2Fwp%2Fv2%2Fcategories&post=216"},{"taxonomy":"post_tag","embeddable":true,"href":"https:\/\/eskigazeteci.com\/index.php?rest_route=%2Fwp%2Fv2%2Ftags&post=216"}],"curies":[{"name":"wp","href":"https:\/\/api.w.org\/{rel}","templated":true}]}}