{"id":214,"date":"2026-02-09T09:53:30","date_gmt":"2026-02-09T09:53:30","guid":{"rendered":"https:\/\/eskigazeteci.com\/?p=214"},"modified":"2026-02-09T09:53:30","modified_gmt":"2026-02-09T09:53:30","slug":"haber-82","status":"publish","type":"post","link":"https:\/\/eskigazeteci.com\/?p=214","title":{"rendered":"Haber"},"content":{"rendered":"<p>Kentte bir restoranda d\u00fczenlenen bas\u0131n toplant\u0131s\u0131nda gazetecilere a\u00e7\u0131klamalarda bulunan Y\u0131ld\u0131r\u0131m, Samsunspor&#x27;u ikinci ligden S\u00fcper Lig&#x27;e ta\u015f\u0131d\u0131klar\u0131na i\u015faret etti.<\/p>\n<p>&quot;ESAS HEDEF, SAMSUNSPOR&#x27;UN ARTIK T\u00dcRK\u0130YE&#x27;Y\u0130 AVRUPA&#x27;DA TEMS\u0130L EDEN B\u0130R KUL\u00dcP OLMASI&quot;<\/p>\n<p>S\u00fcper Lig&#x27;de kal\u0131c\u0131 olmay\u0131 hedeflediklerini vurgulayan Y\u0131ld\u0131r\u0131m, &quot;S\u00fcper Lig&#x27;de kal\u0131c\u0131 olmak i\u00e7in de baz\u0131 \u015fartlar var. Onlar\u0131 bizim kul\u00fcp olarak yerine getirmemiz laz\u0131m ki her \u015fey s\u00fcrd\u00fcr\u00fclebilir, kal\u0131c\u0131 olmas\u0131 laz\u0131m. Esas hedef, Samsunspor&#x27;un art\u0131k T\u00fcrkiye&#x27;yi Avrupa&#x27;da temsil eden bir kul\u00fcp olmas\u0131.&quot; dedi.<\/p>\n<p>&quot;\u0130N\u015eALLAH TURU GE\u00c7EN TARAF OLURUZ VE \u0130LK 16&#x27;YA KALIRIZ&quot;<\/p>\n<p>S\u00fcper Lig&#x27;de ve Avrupa&#x27;da kal\u0131c\u0131 olabilmek i\u00e7in iyi transferler yapmalar\u0131 gerekti\u011fini dile getiren Y\u0131ld\u0131r\u0131m, &quot;Bu sene ilk senemiz Avrupa&#x27;da, bunu ba\u015far\u0131yla yerine getirdik. Kimse beklemiyordu, \u00fcst tura \u00e7\u0131kt\u0131k. Hedefimiz ilk 8&#x27;di ama maalesef son \u00fc\u00e7 ma\u00e7ta beceremedik bunlar\u0131 ve ilk 24&#x27;e kald\u0131k. Kuzey Makedonya&#x27;da ma\u00e7 yapaca\u011f\u0131z. \u0130n\u015fallah turu ge\u00e7en taraf oluruz ve ilk 16&#x27;ya kal\u0131r\u0131z.&quot; ifadelerini kulland\u0131.<\/p>\n<p>&quot;T\u00dcRK\u0130YE KUPASI&#x27;NI KAZANIP AVRUPA&#x27;YA G\u0130TMEK \u0130ST\u0130YORUZ&quot;<\/p>\n<p>T\u00fcrkiye Kupas\u0131&#x27;nda Samsunspor &#x27;un kendi grubunda lider oldu\u011funu aktaran Y\u0131ld\u0131r\u0131m, &quot;\u0130n\u015fallah grubu lider bitirirsek direkt \u00e7eyrek finale kalaca\u011f\u0131z. \u00c7eyrek finalde de iyi bir e\u015fle\u015fme yaparsak \u00e7eyrek final, yar\u0131 final ve final, T\u00fcrkiye Kupas\u0131&#x27;n\u0131 kazan\u0131p Avrupa&#x27;ya gitmek istiyoruz, bu k\u0131sa yol Avrupa&#x27;ya gidi\u015fin. Bunu yapamazsak S\u00fcper Lig &#x27;de yukar\u0131y\u0131 zorlayaca\u011f\u0131z ama \u015fu an gidi\u015fat\u0131m\u0131z pek umut vermiyor.&quot; diye konu\u015ftu.<\/p>\n<p>&quot;\u0130LK 5&#x27;TE OLAMIYORSAK BA\u015eARISIZIZ&quot;<\/p>\n<p>Trabzonspor yenilgisinin tak\u0131m\u0131 zora soktu\u011funu fakat lig bitmeden pes etmeyeceklerini aktaran Y\u0131ld\u0131r\u0131m, &quot;Samspor&#x27;un kesinlikle ilk 10&#x27;un alt\u0131nda olmamas\u0131 gerekiyor. Hedef ilk 5. \u0130lk 5&#x27;te olam\u0131yorsak ba\u015far\u0131s\u0131z\u0131z ama kesinlikle de ilk 10&#x27;un da alt\u0131nda olmamam\u0131z gerekiyor. Yani d\u00fc\u015fme r\u00fcyas\u0131, korkusu ya\u015famak istemiyoruz.&quot; diyerek s\u00f6zlerini tamamlad\u0131.<\/p>\n<p>T\u00fcrkiye&#x27;den ve D\u00fcnya\u2019dan son dakika haberleri, k\u00f6\u015fe yaz\u0131lar\u0131, magazinden siyasete, spordan seyahate b\u00fct\u00fcn konular\u0131n tek adresi Hurriyet.com.tr haber i\u00e7erikleri izin al\u0131nmadan, kaynak g\u00f6sterilerek dahi iktibas edilemez. Kanuna ayk\u0131r\u0131 ve izinsiz olarak kopyalanamaz, ba\u015fka yerde yay\u0131nlanamaz.<\/p>\n","protected":false},"excerpt":{"rendered":"<p>Samsunspor Kul\u00fcb\u00fc Ba\u015fkan\u0131 Y\u00fcksel Y\u0131ld\u0131r\u0131m, Samsunspor&#8217;un esas hedefinin T\u00fcrkiye&#8217;yi Avrupa&#8217;da temsil etmek oldu\u011funu s\u00f6yledi.<\/p>\n","protected":false},"author":2,"featured_media":213,"comment_status":"open","ping_status":"open","sticky":false,"template":"","format":"standard","meta":{"footnotes":""},"categories":[8,3],"tags":[],"class_list":["post-214","post","type-post","status-publish","format-standard","has-post-thumbnail","hentry","category-arsiv","category-siyaset"],"_links":{"self":[{"href":"https:\/\/eskigazeteci.com\/index.php?rest_route=\/wp\/v2\/posts\/214","targetHints":{"allow":["GET"]}}],"collection":[{"href":"https:\/\/eskigazeteci.com\/index.php?rest_route=\/wp\/v2\/posts"}],"about":[{"href":"https:\/\/eskigazeteci.com\/index.php?rest_route=\/wp\/v2\/types\/post"}],"author":[{"embeddable":true,"href":"https:\/\/eskigazeteci.com\/index.php?rest_route=\/wp\/v2\/users\/2"}],"replies":[{"embeddable":true,"href":"https:\/\/eskigazeteci.com\/index.php?rest_route=%2Fwp%2Fv2%2Fcomments&post=214"}],"version-history":[{"count":0,"href":"https:\/\/eskigazeteci.com\/index.php?rest_route=\/wp\/v2\/posts\/214\/revisions"}],"wp:featuredmedia":[{"embeddable":true,"href":"https:\/\/eskigazeteci.com\/index.php?rest_route=\/wp\/v2\/media\/213"}],"wp:attachment":[{"href":"https:\/\/eskigazeteci.com\/index.php?rest_route=%2Fwp%2Fv2%2Fmedia&parent=214"}],"wp:term":[{"taxonomy":"category","embeddable":true,"href":"https:\/\/eskigazeteci.com\/index.php?rest_route=%2Fwp%2Fv2%2Fcategories&post=214"},{"taxonomy":"post_tag","embeddable":true,"href":"https:\/\/eskigazeteci.com\/index.php?rest_route=%2Fwp%2Fv2%2Ftags&post=214"}],"curies":[{"name":"wp","href":"https:\/\/api.w.org\/{rel}","templated":true}]}}