{"id":212,"date":"2026-02-09T09:53:29","date_gmt":"2026-02-09T09:53:29","guid":{"rendered":"https:\/\/eskigazeteci.com\/?p=212"},"modified":"2026-02-09T09:53:29","modified_gmt":"2026-02-09T09:53:29","slug":"haber-81","status":"publish","type":"post","link":"https:\/\/eskigazeteci.com\/?p=212","title":{"rendered":"Haber"},"content":{"rendered":"<p>U\u011fur Mumcu &#x27;nun 24 Ocak 1993&#x27;te Ankara\u2019daki evinin \u00f6n\u00fcnde arac\u0131na yerle\u015ftirilen bomban\u0131n patlat\u0131lmas\u0131 sonucu \u00f6ld\u00fcr\u00fclmesi ile ilgili firari san\u0131k O\u011fuz Demir&#x27;in, Ankara 5&#x27;inci A\u011f\u0131r Ceza Mahkemesi&#x27;nde yarg\u0131lanmas\u0131na devam edildi. Duru\u015fmaya Mumcu&#x27;nun k\u0131z\u0131 \u00d6zge Aybars Mumcu ve avukat\u0131 kat\u0131ld\u0131. Duru\u015fmay\u0131 baz\u0131 milletvekilleri de takip etti. Davada Mumcu ailesinin avukat\u0131, san\u0131k Demir ad\u0131na kay\u0131tl\u0131 bir ara\u00e7 oldu\u011funu s\u00f6yleyerek, bu araca ili\u015fkin ara\u015ft\u0131rma yap\u0131lmas\u0131n\u0131 istedi. Ayr\u0131ca Demir ve ailesinin Avustralya&#x27;da oldu\u011funa dair bilgiler oldu\u011fu belirtilerek, iadesi i\u00e7in gere\u011finin yap\u0131lmas\u0131 talep edildi.<\/p>\n<p>DURU\u015eMA 14 TEMMUZ&#x27;A ERTELEND\u0130<\/p>\n<p>Beyanlar\u0131n ard\u0131ndan ara karar\u0131n\u0131 a\u00e7\u0131klayan mahkeme heyeti, Demir ad\u0131na kay\u0131tl\u0131 oldu\u011fu belirtilen arac\u0131n ilk tescil tarihinden itibaren trafikte g\u00f6rd\u00fc\u011f\u00fc i\u015flemlerin niteli\u011fine ili\u015fkin Emniyet Genel M\u00fcd\u00fcrl\u00fc\u011f\u00fc&#x27;ne yaz\u0131 yaz\u0131lmas\u0131na karar verdi. Ayr\u0131ca san\u0131\u011f\u0131n Avustralya&#x27;da olma ihtimali bulundu\u011fu kaydedilerek, iadesi i\u00e7in gerekli talebin yap\u0131lmas\u0131 konusunda Adalet Bakanl\u0131\u011f\u0131 &#x27;na yaz\u0131 yaz\u0131lmas\u0131na h\u00fckmedildi. Yine Demir&#x27;in ailesinin T\u00fcrkiye&#x27;ye giri\u015f yap\u0131p yapmad\u0131\u011f\u0131n\u0131n ara\u015ft\u0131r\u0131lmas\u0131 i\u00e7in gerekli yerlere yaz\u0131 yaz\u0131lmas\u0131 kararla\u015ft\u0131r\u0131ld\u0131. Duru\u015fma 14 Temmuz&#x27;a ertelendi.<\/p>\n<p>T\u00fcrkiye g\u00fcndeminden son dakika haberleri, bug\u00fcn ya\u015fanan en son geli\u015fmeler, siyaset g\u00fcndeminden g\u00fcncel haberler ve b\u00fct\u00fcn son dakika haberleri i\u00e7in H\u00fcrriyet&#x27;in internet haber sitesi hurriyet.com.tr; Hurriyet.com.tr haber i\u00e7erikleri kaynak g\u00f6sterilmeden al\u0131nt\u0131 yap\u0131lamaz, Kanuna ayk\u0131r\u0131 ve izinsiz olarak kopyalanamaz, ba\u015fka yerde yay\u0131nlanamaz.<\/p>\n","protected":false},"excerpt":{"rendered":"<p>Gazeteci ve yazar U\u011fur Mumcu&#8217;nun \u00f6ld\u00fcr\u00fclmesine ili\u015fkin firari san\u0131k O\u011fuz Demir&#8217;in yarg\u0131land\u0131\u011f\u0131 davada; mahkeme heyeti, san\u0131\u011f\u0131n Avustralya&#8217;da olma ihtimaline&#8230;<\/p>\n","protected":false},"author":2,"featured_media":211,"comment_status":"open","ping_status":"open","sticky":false,"template":"","format":"standard","meta":{"footnotes":""},"categories":[8,3],"tags":[],"class_list":["post-212","post","type-post","status-publish","format-standard","has-post-thumbnail","hentry","category-arsiv","category-siyaset"],"_links":{"self":[{"href":"https:\/\/eskigazeteci.com\/index.php?rest_route=\/wp\/v2\/posts\/212","targetHints":{"allow":["GET"]}}],"collection":[{"href":"https:\/\/eskigazeteci.com\/index.php?rest_route=\/wp\/v2\/posts"}],"about":[{"href":"https:\/\/eskigazeteci.com\/index.php?rest_route=\/wp\/v2\/types\/post"}],"author":[{"embeddable":true,"href":"https:\/\/eskigazeteci.com\/index.php?rest_route=\/wp\/v2\/users\/2"}],"replies":[{"embeddable":true,"href":"https:\/\/eskigazeteci.com\/index.php?rest_route=%2Fwp%2Fv2%2Fcomments&post=212"}],"version-history":[{"count":0,"href":"https:\/\/eskigazeteci.com\/index.php?rest_route=\/wp\/v2\/posts\/212\/revisions"}],"wp:featuredmedia":[{"embeddable":true,"href":"https:\/\/eskigazeteci.com\/index.php?rest_route=\/wp\/v2\/media\/211"}],"wp:attachment":[{"href":"https:\/\/eskigazeteci.com\/index.php?rest_route=%2Fwp%2Fv2%2Fmedia&parent=212"}],"wp:term":[{"taxonomy":"category","embeddable":true,"href":"https:\/\/eskigazeteci.com\/index.php?rest_route=%2Fwp%2Fv2%2Fcategories&post=212"},{"taxonomy":"post_tag","embeddable":true,"href":"https:\/\/eskigazeteci.com\/index.php?rest_route=%2Fwp%2Fv2%2Ftags&post=212"}],"curies":[{"name":"wp","href":"https:\/\/api.w.org\/{rel}","templated":true}]}}