{"id":210,"date":"2026-02-09T09:43:47","date_gmt":"2026-02-09T09:43:47","guid":{"rendered":"https:\/\/eskigazeteci.com\/?p=210"},"modified":"2026-02-09T09:43:47","modified_gmt":"2026-02-09T09:43:47","slug":"haber-80","status":"publish","type":"post","link":"https:\/\/eskigazeteci.com\/?p=210","title":{"rendered":"Haber"},"content":{"rendered":"<p>Suudi Arabistan Pro Ligi\u2019nde Simone Inzaghi&#x27;nin y\u00f6netti\u011fi Al-Hilal tak\u0131m\u0131na eski Real Madrid tak\u0131m arkada\u015f\u0131 Karim Benzema&#x27;n\u0131n transfer olmas\u0131yla Cristiano Ronaldo isyan bayra\u011f\u0131n\u0131 \u00e7ekti.<\/p>\n<p>BENZEMA SONRASI \u0130SYAN BAYRA\u011eINI \u00c7EKT\u0130<\/p>\n<p>Cristiano, Suudi Arabistan Pro Ligi&#x27;ndeki bir\u00e7ok kul\u00fcb\u00fc (Al-Nassr dahil) y\u00f6neten Suudi Arabistan Kamu Yat\u0131r\u0131m Fonu&#x27;nun transferler konusunda adil davranmad\u0131\u011f\u0131n\u0131 d\u00fc\u015f\u00fcn\u00fcyor. Benzema&#x27;n\u0131n Theo Hern\u00e1ndez, R\u00faben Neves ve Malcom gibi oyuncular\u0131n forma giydi\u011fi Al-Hilal &#x27;e transfer olmas\u0131 barda\u011f\u0131 ta\u015f\u0131ran son damla oldu.<\/p>\n<p>RONALDO YER\u0130NE MO SALAH<\/p>\n<p>Bu transfer sonras\u0131 Portekizli y\u0131ld\u0131z, Al Nassr \u2019\u0131n oynad\u0131\u011f\u0131 iki ma\u00e7ta da forma giymeyi reddetti. Bu ba\u011flamda, Ronaldo&#x27;nun ne zaman geri d\u00f6nece\u011fi merak edilirken, \u0130ngiltere&#x27;deki kaynaklar, ge\u00e7mi\u015fte Suudi Ligi\u2019ne transfer s\u00f6ylentileri \u00e7\u0131kan Mo Salah&#x27;\u0131n, Cristiano Ronaldo \u2019nun yerini alabilece\u011fi iddia edildi.<\/p>\n<p>KABUL EDERSE MAA\u015eI 3 KATINA \u00c7IKACAK<\/p>\n<p>The Mirror gazetesine g\u00f6re, Al-Nassr, Salah&#x27;\u0131n \u015fu anda Liverpool&#x27;da haftal\u0131k 400.000 sterlin (y\u0131ll\u0131k yakla\u015f\u0131k 24 milyon euro) olan maa\u015f\u0131n\u0131 \u00fc\u00e7 kat\u0131na \u00e7\u0131karacak. M\u0131s\u0131rl\u0131 milli oyuncu, Liverpool menajeri Arne Slot ile ya\u015fad\u0131\u011f\u0131 tart\u0131\u015fmay\u0131 geride b\u0131rakt\u0131 ve Afrika Uluslar Kupas\u0131&#x27;ndan d\u00f6nd\u00fckten sonraki 5 ma\u00e7\u0131n hepsinde ilk 11\u2019de yer ald\u0131.<\/p>\n<p>S\u00d6ZLE\u015eMES\u0130 SENEYE B\u0130T\u0130YOR<\/p>\n<p>Ancak, ya\u015f\u0131 (33) ve \u00f6zellikle de s\u00f6zle\u015fmesinin Haziran 2027&#x27;de sona ermesi, Suudi Arabistan&#x27;\u0131n en b\u00fcy\u00fck hayallerinden birinin sonunda ger\u00e7ekle\u015fme olas\u0131l\u0131\u011f\u0131n\u0131n kap\u0131s\u0131n\u0131 aral\u0131yor.<\/p>\n<p>T\u00fcrkiye&#x27;den ve D\u00fcnya\u2019dan son dakika haberleri, k\u00f6\u015fe yaz\u0131lar\u0131, magazinden siyasete, spordan seyahate b\u00fct\u00fcn konular\u0131n tek adresi Hurriyet.com.tr haber i\u00e7erikleri izin al\u0131nmadan, kaynak g\u00f6sterilerek dahi iktibas edilemez. Kanuna ayk\u0131r\u0131 ve izinsiz olarak kopyalanamaz, ba\u015fka yerde yay\u0131nlanamaz.<\/p>\n","protected":false},"excerpt":{"rendered":"<p>Suudi Arabistan\u2019da devam eden Cristiano Ronaldo krizi s\u00fcrerken \u0130ngiliz bas\u0131n\u0131ndan bomba bir iddia ortaya at\u0131ld\u0131. Son 2 ma\u00e7ta sahaya \u00e7\u0131kmayan Ronaldo\u2019nun&#8230;<\/p>\n","protected":false},"author":2,"featured_media":209,"comment_status":"open","ping_status":"open","sticky":false,"template":"","format":"standard","meta":{"footnotes":""},"categories":[8,3],"tags":[],"class_list":["post-210","post","type-post","status-publish","format-standard","has-post-thumbnail","hentry","category-arsiv","category-siyaset"],"_links":{"self":[{"href":"https:\/\/eskigazeteci.com\/index.php?rest_route=\/wp\/v2\/posts\/210","targetHints":{"allow":["GET"]}}],"collection":[{"href":"https:\/\/eskigazeteci.com\/index.php?rest_route=\/wp\/v2\/posts"}],"about":[{"href":"https:\/\/eskigazeteci.com\/index.php?rest_route=\/wp\/v2\/types\/post"}],"author":[{"embeddable":true,"href":"https:\/\/eskigazeteci.com\/index.php?rest_route=\/wp\/v2\/users\/2"}],"replies":[{"embeddable":true,"href":"https:\/\/eskigazeteci.com\/index.php?rest_route=%2Fwp%2Fv2%2Fcomments&post=210"}],"version-history":[{"count":0,"href":"https:\/\/eskigazeteci.com\/index.php?rest_route=\/wp\/v2\/posts\/210\/revisions"}],"wp:featuredmedia":[{"embeddable":true,"href":"https:\/\/eskigazeteci.com\/index.php?rest_route=\/wp\/v2\/media\/209"}],"wp:attachment":[{"href":"https:\/\/eskigazeteci.com\/index.php?rest_route=%2Fwp%2Fv2%2Fmedia&parent=210"}],"wp:term":[{"taxonomy":"category","embeddable":true,"href":"https:\/\/eskigazeteci.com\/index.php?rest_route=%2Fwp%2Fv2%2Fcategories&post=210"},{"taxonomy":"post_tag","embeddable":true,"href":"https:\/\/eskigazeteci.com\/index.php?rest_route=%2Fwp%2Fv2%2Ftags&post=210"}],"curies":[{"name":"wp","href":"https:\/\/api.w.org\/{rel}","templated":true}]}}