{"id":206,"date":"2026-02-09T09:43:45","date_gmt":"2026-02-09T09:43:45","guid":{"rendered":"https:\/\/eskigazeteci.com\/?p=206"},"modified":"2026-02-09T09:43:45","modified_gmt":"2026-02-09T09:43:45","slug":"haber-78","status":"publish","type":"post","link":"https:\/\/eskigazeteci.com\/?p=206","title":{"rendered":"Haber"},"content":{"rendered":"<p>Yap\u0131m\u0131n\u0131 Baba Yap\u0131m&#x27;\u0131n \u00fcstlendi\u011fi, proje tasar\u0131m\u0131 Hasan Burak Kayac\u0131&#x27;ya ait olan &quot;Ayn\u0131 Ya\u011fmur Alt\u0131nda&quot; dizisinin yay\u0131n tarihi belli oldu. Ayn\u0131 Ya\u011fmur Alt\u0131nda 9 \u015eubat Pazartesi ak\u015fam\u0131 saat 20.00&#x27;de atv ekranlar\u0131nda yay\u0131n maceras\u0131na ba\u015fl\u0131yor. Ayn\u0131 Ya\u011fmur Alt\u0131nda konusu nedir? \u0130\u015fte Ayn\u0131 Ya\u011fmur Alt\u0131nda kadrosu&#8230;<\/p>\n<p>Yap\u0131m\u0131n\u0131 Baba Yap\u0131m&#x27;\u0131n \u00fcstlendi\u011fi, proje tasar\u0131m\u0131 Hasan Burak Kayac\u0131&#x27;ya ait olan &quot;Ayn\u0131 Ya\u011fmur Alt\u0131nda&quot; dizisinin yay\u0131n tarihi belli oldu. Ayn\u0131 Ya\u011fmur Alt\u0131nda 9 \u015eubat Pazartesi ak\u015fam\u0131 saat 20.00&#x27;de atv ekranlar\u0131nda yay\u0131n maceras\u0131na ba\u015fl\u0131yor. Ayn\u0131 Ya\u011fmur Alt\u0131nda konusu nedir? \u0130\u015fte Ayn\u0131 Ya\u011fmur Alt\u0131nda kadrosu&#8230;<\/p>\n<p>\u0130nsan haklar\u0131 m\u00fccadelesine adanm\u0131\u015f bir ya\u015fam s\u00fcren Rosa&#x27;n\u0131n Londra&#x27;da kat\u0131ld\u0131\u011f\u0131 bir protestoyla de\u011fi\u015fen hayat\u0131, onu \u0130stanbul&#x27;a uzanan zorlu bir yolculu\u011fa s\u00fcr\u00fckler. Ayn\u0131 protestoda tan\u0131\u015ft\u0131\u011f\u0131 Ali&#x27;yle yollar\u0131 bu kez \u0130stanbul&#x27;da yeniden kesi\u015fir. K\u0131sa s\u00fcrede filizlenen bu a\u015fk, ikisi i\u00e7in de a\u011f\u0131r bir s\u0131nav\u0131n kap\u0131s\u0131n\u0131 aralar.<\/p>\n<p>\u0130nsan haklar\u0131 m\u00fccadelesine adanm\u0131\u015f bir ya\u015fam s\u00fcren Rosa&#x27;n\u0131n Londra&#x27;da kat\u0131ld\u0131\u011f\u0131 bir protestoyla de\u011fi\u015fen hayat\u0131, onu \u0130stanbul&#x27;a uzanan zorlu bir yolculu\u011fa s\u00fcr\u00fckler.<\/p>\n<p>Ayn\u0131 protestoda tan\u0131\u015ft\u0131\u011f\u0131 Ali&#x27;yle yollar\u0131 bu kez \u0130stanbul&#x27;da yeniden kesi\u015fir. K\u0131sa s\u00fcrede filizlenen bu a\u015fk, ikisi i\u00e7in de a\u011f\u0131r bir s\u0131nav\u0131n kap\u0131s\u0131n\u0131 aralar.<\/p>\n<p>&quot;Ayn\u0131 Ya\u011fmur Alt\u0131nda&quot; dizisinin \u00e7ekimleri Londra ve \u0130stanbul&#x27;da ger\u00e7ekle\u015ftirildi. \u00d6zellikle Londra&#x27;daki protesto sahneleri ve \u0130stanbul&#x27;daki dramatik mek\u00e2nlar, dizinin atmosferini g\u00fc\u00e7lendirirken hik\u00e2yenin uluslararas\u0131 boyutunu da \u00f6n plana \u00e7\u0131kar\u0131yor.<\/p>\n<p>&quot;Ayn\u0131 Ya\u011fmur Alt\u0131nda&quot; dizisinin \u00e7ekimleri Londra ve \u0130stanbul&#x27;da ger\u00e7ekle\u015ftirildi. \u00d6zellikle Londra&#x27;daki protesto sahneleri ve \u0130stanbul&#x27;daki dramatik mek\u00e2nlar, dizinin atmosferini g\u00fc\u00e7lendirirken hik\u00e2yenin uluslararas\u0131 boyutunu da \u00f6n plana \u00e7\u0131kar\u0131yor.<\/p>\n<p>Nilsu Berfin Akta\u015f (Rosa), Burak Tozkoparan (Ali), H\u00fclya Av\u015far (Fazilet), Fikret Ku\u015fkan (Umur), Deniz U\u011fur (H\u00fcmeyra), Levent \u00dclgen (Faik), Erkan Can (M\u00fcrsel Duran)<\/p>\n<p>Nilsu Berfin Akta\u015f (Rosa), Burak Tozkoparan (Ali), H\u00fclya Av\u015far (Fazilet), Fikret Ku\u015fkan (Umur), Deniz U\u011fur (H\u00fcmeyra), Levent \u00dclgen (Faik), Erkan Can (M\u00fcrsel Duran)<\/p>\n<p>Mine \u00c7ay\u0131ro\u011flu (T\u00fclin), Taro Emir Tekin (Koray), Bahar \u015eahin (Beliz), Sarp Bozkurt (B\u00fclent), T\u00fcrk\u00fc Turan (Seray), Birand Tunca (Kerem) Aleyna Bozok (Merve), Selin I\u015f\u0131k (Rana), Taha Baran \u00d6zbek (Yi\u011fit), Lara Aslan (\u0130lyun), Eftelya Bilen (Reyhan), Eda \u015e\u00f6lenci (Dilan), Sibel Atasoy (Diana),<\/p>\n<p>Mine \u00c7ay\u0131ro\u011flu (T\u00fclin), Taro Emir Tekin (Koray), Bahar \u015eahin (Beliz), Sarp Bozkurt (B\u00fclent), T\u00fcrk\u00fc Turan (Seray), Birand Tunca (Kerem)<\/p>\n<p>Aleyna Bozok (Merve), Selin I\u015f\u0131k (Rana), Taha Baran \u00d6zbek (Yi\u011fit), Lara Aslan (\u0130lyun), Eftelya Bilen (Reyhan), Eda \u015e\u00f6lenci (Dilan), Sibel Atasoy (Diana),<\/p>\n<p>Hakan Eratik (\u00dcnal Yavuz), Gonca Sar\u0131y\u0131ld\u0131z (Seher), Fatih Do\u011fan (Hayati), \u00d6zlem Ba\u015fkaya (\u015eermin), U\u011fur \u00c7evik (Samet), Koray Kadira\u011fa (Soso), Orhan E\u015fkin (Yula), Halil \u0130brahim Kalayc\u0131o\u011flu (Ergani), Timur \u00d6lkeba\u015f (Beyaz\u0131t)<\/p>\n<p>Hakan Eratik (\u00dcnal Yavuz), Gonca Sar\u0131y\u0131ld\u0131z (Seher), Fatih Do\u011fan (Hayati), \u00d6zlem Ba\u015fkaya (\u015eermin), U\u011fur \u00c7evik (Samet), Koray Kadira\u011fa (Soso), Orhan E\u015fkin (Yula), Halil \u0130brahim Kalayc\u0131o\u011flu (Ergani), Timur \u00d6lkeba\u015f (Beyaz\u0131t)<\/p>\n<p>Londra&#x27;da kat\u0131ld\u0131\u011f\u0131 bir protestoda ald\u0131\u011f\u0131 darbe sonucu beyninde \u00f6l\u00fcmc\u00fcl bir anevrizma olu\u015fan aktivist Rosa, her an \u00f6l\u00fcmle burun buruna oldu\u011funu \u00f6\u011frenir. Hi\u00e7 tan\u0131mad\u0131\u011f\u0131 babas\u0131ndan gelen gizemli bir telefonla ge\u00e7mi\u015finin izini s\u00fcrmek \u00fczere \u0130stanbul&#x27;a gelen Rosa&#x27;n\u0131n yolu, havaliman\u0131nda Ali Aydan ile kesi\u015fir.<\/p>\n<p>Londra&#x27;da kat\u0131ld\u0131\u011f\u0131 bir protestoda ald\u0131\u011f\u0131 darbe sonucu beyninde \u00f6l\u00fcmc\u00fcl bir anevrizma olu\u015fan aktivist Rosa, her an \u00f6l\u00fcmle burun buruna oldu\u011funu \u00f6\u011frenir.<\/p>\n<p>Hi\u00e7 tan\u0131mad\u0131\u011f\u0131 babas\u0131ndan gelen gizemli bir telefonla ge\u00e7mi\u015finin izini s\u00fcrmek \u00fczere \u0130stanbul&#x27;a gelen Rosa&#x27;n\u0131n yolu, havaliman\u0131nda Ali Aydan ile kesi\u015fir.<\/p>\n<p>Ali, otoriter babas\u0131 Faik Aydan&#x27;\u0131n bask\u0131lar\u0131 ve Karano\u011flu ailesinin k\u0131z\u0131 Beliz ile olan zorunlu ili\u015fkisi aras\u0131nda s\u0131k\u0131\u015fm\u0131\u015fken, Rosa&#x27;da y\u0131llard\u0131r arad\u0131\u011f\u0131 huzuru ve a\u015fk\u0131 bulur. Ancak bu masals\u0131 ba\u015flang\u0131\u00e7, Karano\u011flu ailesinin karanl\u0131k varisi Koray&#x27;\u0131n saplant\u0131l\u0131 a\u015fk\u0131 ve Ali&#x27;nin hayat\u0131n\u0131 hedef alan b\u00fcy\u00fck bir tehditle g\u00f6lgelenir.<\/p>\n<p>Ali, otoriter babas\u0131 Faik Aydan&#x27;\u0131n bask\u0131lar\u0131 ve Karano\u011flu ailesinin k\u0131z\u0131 Beliz ile olan zorunlu ili\u015fkisi aras\u0131nda s\u0131k\u0131\u015fm\u0131\u015fken, Rosa&#x27;da y\u0131llard\u0131r arad\u0131\u011f\u0131 huzuru ve a\u015fk\u0131 bulur.<\/p>\n<p>Ancak bu masals\u0131 ba\u015flang\u0131\u00e7, Karano\u011flu ailesinin karanl\u0131k varisi Koray&#x27;\u0131n saplant\u0131l\u0131 a\u015fk\u0131 ve Ali&#x27;nin hayat\u0131n\u0131 hedef alan b\u00fcy\u00fck bir tehditle g\u00f6lgelenir.<\/p>\n<p>\u0130ki farkl\u0131 d\u00fcnyan\u0131n, b\u00fcy\u00fck s\u0131rlar\u0131n ve inan\u00e7 s\u0131navlar\u0131n\u0131n ortas\u0131nda kalan Rosa ve Ali i\u00e7in art\u0131k hi\u00e7bir \u015fey eskisi gibi olmayacakt\u0131r.<\/p>\n<p>\u0130ki farkl\u0131 d\u00fcnyan\u0131n, b\u00fcy\u00fck s\u0131rlar\u0131n ve inan\u00e7 s\u0131navlar\u0131n\u0131n ortas\u0131nda kalan Rosa ve Ali i\u00e7in art\u0131k hi\u00e7bir \u015fey eskisi gibi olmayacakt\u0131r.<\/p>\n<p>T\u00fcrkiye&#x27;den ve D\u00fcnya\u2019dan son dakika haberleri, k\u00f6\u015fe yaz\u0131lar\u0131, magazinden siyasete, spordan seyahate b\u00fct\u00fcn konular\u0131n tek adresi Hurriyet.com.tr haber i\u00e7erikleri izin al\u0131nmadan, kaynak g\u00f6sterilerek dahi iktibas edilemez. Kanuna ayk\u0131r\u0131 ve izinsiz olarak kopyalanamaz, ba\u015fka yerde yay\u0131nlanamaz.<\/p>\n","protected":false},"excerpt":{"rendered":"<p>ATV&#8217;nin yeni dizisi Ayn\u0131 Ya\u011fmur Alt\u0131nda 1. b\u00f6l\u00fcm i\u00e7in geri say\u0131m ba\u015flad\u0131. Ayn\u0131 Ya\u011fmur Alt\u0131nda konusu ve oyuncular\u0131 izleyici taraf\u0131ndan merak ediliyor. Dizi,&#8230;<\/p>\n","protected":false},"author":2,"featured_media":205,"comment_status":"open","ping_status":"open","sticky":false,"template":"","format":"standard","meta":{"footnotes":""},"categories":[8,3],"tags":[],"class_list":["post-206","post","type-post","status-publish","format-standard","has-post-thumbnail","hentry","category-arsiv","category-siyaset"],"_links":{"self":[{"href":"https:\/\/eskigazeteci.com\/index.php?rest_route=\/wp\/v2\/posts\/206","targetHints":{"allow":["GET"]}}],"collection":[{"href":"https:\/\/eskigazeteci.com\/index.php?rest_route=\/wp\/v2\/posts"}],"about":[{"href":"https:\/\/eskigazeteci.com\/index.php?rest_route=\/wp\/v2\/types\/post"}],"author":[{"embeddable":true,"href":"https:\/\/eskigazeteci.com\/index.php?rest_route=\/wp\/v2\/users\/2"}],"replies":[{"embeddable":true,"href":"https:\/\/eskigazeteci.com\/index.php?rest_route=%2Fwp%2Fv2%2Fcomments&post=206"}],"version-history":[{"count":0,"href":"https:\/\/eskigazeteci.com\/index.php?rest_route=\/wp\/v2\/posts\/206\/revisions"}],"wp:featuredmedia":[{"embeddable":true,"href":"https:\/\/eskigazeteci.com\/index.php?rest_route=\/wp\/v2\/media\/205"}],"wp:attachment":[{"href":"https:\/\/eskigazeteci.com\/index.php?rest_route=%2Fwp%2Fv2%2Fmedia&parent=206"}],"wp:term":[{"taxonomy":"category","embeddable":true,"href":"https:\/\/eskigazeteci.com\/index.php?rest_route=%2Fwp%2Fv2%2Fcategories&post=206"},{"taxonomy":"post_tag","embeddable":true,"href":"https:\/\/eskigazeteci.com\/index.php?rest_route=%2Fwp%2Fv2%2Ftags&post=206"}],"curies":[{"name":"wp","href":"https:\/\/api.w.org\/{rel}","templated":true}]}}