{"id":202,"date":"2026-02-09T09:43:44","date_gmt":"2026-02-09T09:43:44","guid":{"rendered":"https:\/\/eskigazeteci.com\/?p=202"},"modified":"2026-02-09T09:43:44","modified_gmt":"2026-02-09T09:43:44","slug":"haber-76","status":"publish","type":"post","link":"https:\/\/eskigazeteci.com\/?p=202","title":{"rendered":"Haber"},"content":{"rendered":"<p>Mutlu haberi \u00fclkenin ulusal kamu yay\u0131n kurulu\u015fu RTB News duyurdu. Pazar g\u00fcn\u00fc RTB&#x27;nin resmi Instagram hesab\u0131nda yay\u0131nlanan mesajda \u201cMajesteleri Prens Muda &#x27;Abdul Mateen ibni&#x27;nin e\u015fi Majesteleri Prenses Anisha Rosnah binti Adam, Majesteleri Sultan Haji Hassanal Bolkiah Mu&#x27;izzaddin Waddaulah&#x27;\u0131n, Allah Subhanahu Wata&#x27;ala&#x27;n\u0131n izniyle, 8 \u015eubat 2026&#x27;da sa\u011fl\u0131kl\u0131 bir k\u0131z \u00e7ocu\u011fu d\u00fcnya gelmi\u015ftir.\u201d<\/p>\n<p>Haberin \u00fclkede duyulmas\u0131yla birlikte Brunei Sultanl\u0131k Saray\u0131n\u0131n bah\u00e7esinde 17 top at\u0131\u015f\u0131 yap\u0131ld\u0131.<\/p>\n<p>Brunei Prensi Mateen ve Prenses Anisha Rosnah &#x27;\u0131n ilk bebeklerini bekledikleri ge\u00e7en ekim ay\u0131nda duyurulmu\u015ftu.<\/p>\n<p>\u00c7ift mutlu haberi Brunei Sultan\u0131&#x27;n\u0131n o\u011flu Prens Mateen\u2019in Instagram hesab\u0131nda bir balkonda el ele tutu\u015furken \u00e7ekilmi\u015f siyah beyaz bir foto\u011fraf payla\u015farak duyurdu.<\/p>\n<p>30 ya\u015f\u0131ndaki Prenses Anisha, u\u00e7u\u015fan beyaz bir d\u00fc\u011fmeli elbise giymi\u015f ve di\u011fer elini b\u00fcy\u00fcyen karn\u0131na koymu\u015ftu. Prens, foto\u011fraf\u0131n alt\u0131na &quot;Ve art\u0131k 3 ki\u015fi olduk&quot; diye yazm\u0131\u015ft\u0131.<\/p>\n<p>Prens Abdul Mateen ve Prenses Anisha&#x27;n\u0131n k\u0131z\u0131, anne babas\u0131n\u0131n g\u00f6nl\u00fcnde e\u015fsiz bir yerde duracak olsa da taht s\u0131ralamas\u0131nda yer almayacak. Brunei h\u00fck\u00fcmdarl\u0131\u011f\u0131n\u0131n kurallar\u0131na g\u00f6re do\u011facak \u00e7ocuklar\u0131n h\u00fck\u00fcmdar\u0131n soyundan gelmesi ve erkek olmas\u0131 gerekiyor.<\/p>\n<p>Asl\u0131nda ailenin en tan\u0131nm\u0131\u015f y\u00fcz\u00fc olsa da sultan\u0131n be\u015finci o\u011flu olan Prens Mateen&#x27;in kendisi de taht s\u00f6z konusu olunca erkek akrabalar\u0131ndan bir\u00e7o\u011funun arkas\u0131nda yer al\u0131yor.<\/p>\n<p>Prens Abdul Mateen ve Prenses Anisha 2024 y\u0131l\u0131nda on g\u00fcn s\u00fcren g\u00f6rkemli kutlamalarla evlenmi\u015fti. Sultanl\u0131k saray\u0131ndaki g\u00fcnlerce s\u00fcren d\u00fc\u011f\u00fcne \u00e7evre \u00fclkelerin h\u00fck\u00fcmdarlar\u0131 da kat\u0131ld\u0131.<\/p>\n<p>Ard\u0131ndan da binlerce Brunei vatanda\u015f\u0131n\u0131n kat\u0131ld\u0131\u011f\u0131 bir kraliyet arabas\u0131 alay\u0131 d\u00fczenlendi. Vatanda\u015flar, \u00e7iftin ba\u015fkentte kat\u0131ld\u0131klar\u0131 bu alaya tan\u0131k olmak i\u00e7in bir araya geldi.<\/p>\n<p>Prens askeri \u00fcniformas\u0131n\u0131 giyerken, gelin uzun kollu bir elbise ve 838 elmas i\u00e7eren ve daha \u00f6nce Prens Mateen&#x27;in k\u0131z karde\u015fi Prenses Azemah taraf\u0131ndan 2023&#x27;te tak\u0131lan bir ta\u00e7la kusursuz g\u00f6r\u00fcn\u00fcyordu.<\/p>\n<p>E\u011fitimine Brunei&#x27;de ba\u015flayan Prens Mateen daha sonra Londra&#x27;ya ta\u015f\u0131narak King&#x27;s College London&#x27;da uluslararas\u0131 politika ve Londra \u00dcniversitesi&#x27;ndeki Do\u011fu ve Afrika \u00c7al\u0131\u015fmalar\u0131 Okulu&#x27;nda y\u00fcksek lisans e\u011fitimi ald\u0131.<\/p>\n<p>Prens Mateen ve Prenses Anisha 2018\u2019de sevgili oldular ancak \u00fclkelerinin kat\u0131 kurallar\u0131 gere\u011fi evlenene kadar a\u015fklar\u0131n\u0131 g\u00f6zlerden uzakta ya\u015fad\u0131lar. Ancak bu tarih \u00fcnl\u00fc a\u015f\u0131klar\u0131n ilk kez bir araya geldi\u011fi tarih de\u011fil\u2026<\/p>\n<p>Prens Mateen ve Prenses Anisha birbirlerini neredeyse do\u011fduklar\u0131 g\u00fcnden beri tan\u0131yan iki \u00e7ocukluk arkada\u015f\u0131yd\u0131. \u0130ki gencin bu arkada\u015fl\u0131klar\u0131 y\u0131llar i\u00e7inde duygusal bir yak\u0131nl\u0131\u011fa sonra da a\u015fka d\u00f6n\u00fc\u015ft\u00fc.<\/p>\n<p>Prenses Anisha\u2019n\u0131n babas\u0131 Prens Mateen\u2019in babas\u0131, Brunei Sultan\u0131 Hassanal Bolkiah&#x27;\u0131n dan\u0131\u015fmanlar\u0131ndan biriydi.<\/p>\n<p>T\u00fcrkiye&#x27;den ve D\u00fcnya\u2019dan son dakika haberleri, k\u00f6\u015fe yaz\u0131lar\u0131, magazinden siyasete, spordan seyahate b\u00fct\u00fcn konular\u0131n tek adresi Hurriyet.com.tr haber i\u00e7erikleri izin al\u0131nmadan, kaynak g\u00f6sterilerek dahi iktibas edilemez. Kanuna ayk\u0131r\u0131 ve izinsiz olarak kopyalanamaz, ba\u015fka yerde yay\u0131nlanamaz.<\/p>\n","protected":false},"excerpt":{"rendered":"<p>D\u00fcnyan\u0131n en k\u00f6kl\u00fc kraliyet ailelerinden birinde bebek sevinci ya\u015fan\u0131yor. D\u00fcnyan\u0131n en zengin insanlar\u0131ndan biri olan Brunei Sultan\u0131 Hassanal Bolkiah&#8217;\u0131n o\u011flu&#8230;<\/p>\n","protected":false},"author":2,"featured_media":201,"comment_status":"open","ping_status":"open","sticky":false,"template":"","format":"standard","meta":{"footnotes":""},"categories":[8,3],"tags":[],"class_list":["post-202","post","type-post","status-publish","format-standard","has-post-thumbnail","hentry","category-arsiv","category-siyaset"],"_links":{"self":[{"href":"https:\/\/eskigazeteci.com\/index.php?rest_route=\/wp\/v2\/posts\/202","targetHints":{"allow":["GET"]}}],"collection":[{"href":"https:\/\/eskigazeteci.com\/index.php?rest_route=\/wp\/v2\/posts"}],"about":[{"href":"https:\/\/eskigazeteci.com\/index.php?rest_route=\/wp\/v2\/types\/post"}],"author":[{"embeddable":true,"href":"https:\/\/eskigazeteci.com\/index.php?rest_route=\/wp\/v2\/users\/2"}],"replies":[{"embeddable":true,"href":"https:\/\/eskigazeteci.com\/index.php?rest_route=%2Fwp%2Fv2%2Fcomments&post=202"}],"version-history":[{"count":0,"href":"https:\/\/eskigazeteci.com\/index.php?rest_route=\/wp\/v2\/posts\/202\/revisions"}],"wp:featuredmedia":[{"embeddable":true,"href":"https:\/\/eskigazeteci.com\/index.php?rest_route=\/wp\/v2\/media\/201"}],"wp:attachment":[{"href":"https:\/\/eskigazeteci.com\/index.php?rest_route=%2Fwp%2Fv2%2Fmedia&parent=202"}],"wp:term":[{"taxonomy":"category","embeddable":true,"href":"https:\/\/eskigazeteci.com\/index.php?rest_route=%2Fwp%2Fv2%2Fcategories&post=202"},{"taxonomy":"post_tag","embeddable":true,"href":"https:\/\/eskigazeteci.com\/index.php?rest_route=%2Fwp%2Fv2%2Ftags&post=202"}],"curies":[{"name":"wp","href":"https:\/\/api.w.org\/{rel}","templated":true}]}}