{"id":200,"date":"2026-02-09T09:43:43","date_gmt":"2026-02-09T09:43:43","guid":{"rendered":"https:\/\/eskigazeteci.com\/?p=200"},"modified":"2026-02-09T09:43:43","modified_gmt":"2026-02-09T09:43:43","slug":"haber-75","status":"publish","type":"post","link":"https:\/\/eskigazeteci.com\/?p=200","title":{"rendered":"Haber"},"content":{"rendered":"<p>Tulu\u011f T\u0131rpan y\u00f6netimindeki Sinema Senfoni Orkestras\u0131\u2019yla sahneye \u00e7\u0131kan iki sanat\u00e7\u0131 yo\u011fun ilgi g\u00f6rd\u00fc.<\/p>\n<p>Heyecan\u0131n\u0131 sahnede dile getiren Kubat, \u201cBu devirde b\u00f6yle b\u00fcy\u00fck prod\u00fcksiyonlar kolay ger\u00e7ekle\u015fmiyor. Yapay zek\u00e2y\u0131 utand\u0131raca\u011f\u0131z; ger\u00e7ek zek\u00e2y\u0131, ger\u00e7ek sesi g\u00f6sterece\u011fiz\u201d dedi.<\/p>\n<p>Arar da \u201c\u00c7ok s\u00fcrprizli bir repertuvar haz\u0131rlad\u0131k. Pop, halk m\u00fczi\u011fi, sanat m\u00fczi\u011fi; hepsi senfonik bir \u00e7er\u00e7evede bulu\u015fuyor. \u00c7ok keyifli bir i\u015f\u201d diye konu\u015ftu.<\/p>\n<p>Avrupa turnesine \u00e7\u0131kmaya haz\u0131rlanan Funda Arar ve Kubat, 12 \u015eubat\u2019ta Frankfurt\u2019ta, 14 \u015eubat\u2019ta Bochum\u2019da ve 15 \u015eubat\u2019ta da Stuttgart\u2019ta konser verecek. \u0130kili mart ay\u0131nda T\u00fcrkiye turnesine \u00e7\u0131kacak.<\/p>\n<p>T\u00fcrkiye&#x27;den ve D\u00fcnya\u2019dan son dakika haberleri, k\u00f6\u015fe yaz\u0131lar\u0131, magazinden siyasete, spordan seyahate b\u00fct\u00fcn konular\u0131n tek adresi Hurriyet.com.tr haber i\u00e7erikleri izin al\u0131nmadan, kaynak g\u00f6sterilerek dahi iktibas edilemez. Kanuna ayk\u0131r\u0131 ve izinsiz olarak kopyalanamaz, ba\u015fka yerde yay\u0131nlanamaz.<\/p>\n","protected":false},"excerpt":{"rendered":"<p>Funda Arar &amp; Kubat Senfonik projesinin ilk konseri \u00f6nceki ak\u015fam Zorlu PSM\u2019de ger\u00e7ekle\u015fti.<\/p>\n","protected":false},"author":2,"featured_media":199,"comment_status":"open","ping_status":"open","sticky":false,"template":"","format":"standard","meta":{"footnotes":""},"categories":[8,3],"tags":[],"class_list":["post-200","post","type-post","status-publish","format-standard","has-post-thumbnail","hentry","category-arsiv","category-siyaset"],"_links":{"self":[{"href":"https:\/\/eskigazeteci.com\/index.php?rest_route=\/wp\/v2\/posts\/200","targetHints":{"allow":["GET"]}}],"collection":[{"href":"https:\/\/eskigazeteci.com\/index.php?rest_route=\/wp\/v2\/posts"}],"about":[{"href":"https:\/\/eskigazeteci.com\/index.php?rest_route=\/wp\/v2\/types\/post"}],"author":[{"embeddable":true,"href":"https:\/\/eskigazeteci.com\/index.php?rest_route=\/wp\/v2\/users\/2"}],"replies":[{"embeddable":true,"href":"https:\/\/eskigazeteci.com\/index.php?rest_route=%2Fwp%2Fv2%2Fcomments&post=200"}],"version-history":[{"count":0,"href":"https:\/\/eskigazeteci.com\/index.php?rest_route=\/wp\/v2\/posts\/200\/revisions"}],"wp:featuredmedia":[{"embeddable":true,"href":"https:\/\/eskigazeteci.com\/index.php?rest_route=\/wp\/v2\/media\/199"}],"wp:attachment":[{"href":"https:\/\/eskigazeteci.com\/index.php?rest_route=%2Fwp%2Fv2%2Fmedia&parent=200"}],"wp:term":[{"taxonomy":"category","embeddable":true,"href":"https:\/\/eskigazeteci.com\/index.php?rest_route=%2Fwp%2Fv2%2Fcategories&post=200"},{"taxonomy":"post_tag","embeddable":true,"href":"https:\/\/eskigazeteci.com\/index.php?rest_route=%2Fwp%2Fv2%2Ftags&post=200"}],"curies":[{"name":"wp","href":"https:\/\/api.w.org\/{rel}","templated":true}]}}