{"id":198,"date":"2026-02-09T09:43:42","date_gmt":"2026-02-09T09:43:42","guid":{"rendered":"https:\/\/eskigazeteci.com\/?p=198"},"modified":"2026-02-09T09:43:42","modified_gmt":"2026-02-09T09:43:42","slug":"haber-74","status":"publish","type":"post","link":"https:\/\/eskigazeteci.com\/?p=198","title":{"rendered":"Haber"},"content":{"rendered":"<p>Gen\u00e7 pop\u00e7u, \u015fark\u0131n\u0131n duyurusunu sosyal medyada \u015fu mesajla yapt\u0131: \u201cHeyecanla klibe haz\u0131rlan\u0131rken bir duyuru yapmak istedim. Yeni alb\u00fcm d\u00f6nemimde akl\u0131mda b\u00f6yle bir tarz hi\u00e7 yoktu ama tek seferli\u011fine sesinden \u00e7ok etkilendi\u011fim, arabesk d\u00fcnyas\u0131n\u0131n en \u00f6zel sanat\u00e7\u0131lar\u0131ndan G\u00fcll\u00fc ve m\u00fczi\u011fini sayg\u0131 ve ilhamla anmak ad\u0131na bu cover\u2019\u0131 \u00e7\u0131karmak \u00e7ok i\u00e7imden geldi. 13 \u015eubat\u2019ta yay\u0131nda. Sevgiyle, heyecanla ve g\u00fczellikle.\u201d<\/p>\n<p>Bu s\u00fcrpriz \u00e7al\u0131\u015fma, G\u00fcll\u00fc \u2019n\u00fcn Aleyna Tilki hakk\u0131ndaki a\u00e7\u0131klamas\u0131n\u0131 yeniden g\u00fcndeme getirdi. G\u00fcll\u00fc, ge\u00e7mi\u015fte konuk oldu\u011fu bir programda gen\u00e7 \u015fark\u0131c\u0131y\u0131 sevmedi\u011fini s\u00f6ylemi\u015fti: \u201cAleyna Tilki dedi\u011fin zaman benim tepe t\u00fcylerim dikiliyor. Ben Aleyna Tilki\u2019yi sevmiyorum. Sanat olarak da sevmiyorum, yap\u0131 olarak da sevmiyorum. Bir kere arabesk okuyamad\u0131\u011f\u0131 i\u00e7in hi\u00e7 sevmiyorum. Bana g\u00f6re Aleyna Tilki balon. \u015euraya yaz\u0131yorum; 5 sene sonra Aleyna Tilki diye biri yok.\u201d<\/p>\n<p>T\u00fcrkiye&#x27;den ve D\u00fcnya\u2019dan son dakika haberleri, k\u00f6\u015fe yaz\u0131lar\u0131, magazinden siyasete, spordan seyahate b\u00fct\u00fcn konular\u0131n tek adresi Hurriyet.com.tr haber i\u00e7erikleri izin al\u0131nmadan, kaynak g\u00f6sterilerek dahi iktibas edilemez. Kanuna ayk\u0131r\u0131 ve izinsiz olarak kopyalanamaz, ba\u015fka yerde yay\u0131nlanamaz.<\/p>\n","protected":false},"excerpt":{"rendered":"<p>Aleyna Tilki, 26 Eyl\u00fcl 2025\u2019te ya\u015fam\u0131n\u0131 yitiren arabesk m\u00fczi\u011fin \u00fcnl\u00fc ismi G\u00fcll\u00fc\u2019n\u00fcn \u2018Oyuncak Gibi\u2019 adl\u0131 \u015fark\u0131s\u0131n\u0131 yorumlad\u0131.<\/p>\n","protected":false},"author":2,"featured_media":197,"comment_status":"open","ping_status":"open","sticky":false,"template":"","format":"standard","meta":{"footnotes":""},"categories":[8,3],"tags":[],"class_list":["post-198","post","type-post","status-publish","format-standard","has-post-thumbnail","hentry","category-arsiv","category-siyaset"],"_links":{"self":[{"href":"https:\/\/eskigazeteci.com\/index.php?rest_route=\/wp\/v2\/posts\/198","targetHints":{"allow":["GET"]}}],"collection":[{"href":"https:\/\/eskigazeteci.com\/index.php?rest_route=\/wp\/v2\/posts"}],"about":[{"href":"https:\/\/eskigazeteci.com\/index.php?rest_route=\/wp\/v2\/types\/post"}],"author":[{"embeddable":true,"href":"https:\/\/eskigazeteci.com\/index.php?rest_route=\/wp\/v2\/users\/2"}],"replies":[{"embeddable":true,"href":"https:\/\/eskigazeteci.com\/index.php?rest_route=%2Fwp%2Fv2%2Fcomments&post=198"}],"version-history":[{"count":0,"href":"https:\/\/eskigazeteci.com\/index.php?rest_route=\/wp\/v2\/posts\/198\/revisions"}],"wp:featuredmedia":[{"embeddable":true,"href":"https:\/\/eskigazeteci.com\/index.php?rest_route=\/wp\/v2\/media\/197"}],"wp:attachment":[{"href":"https:\/\/eskigazeteci.com\/index.php?rest_route=%2Fwp%2Fv2%2Fmedia&parent=198"}],"wp:term":[{"taxonomy":"category","embeddable":true,"href":"https:\/\/eskigazeteci.com\/index.php?rest_route=%2Fwp%2Fv2%2Fcategories&post=198"},{"taxonomy":"post_tag","embeddable":true,"href":"https:\/\/eskigazeteci.com\/index.php?rest_route=%2Fwp%2Fv2%2Ftags&post=198"}],"curies":[{"name":"wp","href":"https:\/\/api.w.org\/{rel}","templated":true}]}}