{"id":192,"date":"2026-02-09T09:43:40","date_gmt":"2026-02-09T09:43:40","guid":{"rendered":"https:\/\/eskigazeteci.com\/?p=192"},"modified":"2026-02-09T09:43:40","modified_gmt":"2026-02-09T09:43:40","slug":"haber-71","status":"publish","type":"post","link":"https:\/\/eskigazeteci.com\/?p=192","title":{"rendered":"Haber"},"content":{"rendered":"<p>Ankara siyasetinin dinamik fig\u00fcrlerinden biri olarak kabul edilen ve Ke\u00e7i\u00f6ren halk\u0131n\u0131n b\u00fcy\u00fck deste\u011fini alarak belediye ba\u015fkanl\u0131\u011f\u0131 makam\u0131na oturan Dr. Mesut \u00d6zarslan partisinden istifa etti. Son d\u00f6nemde \u00e7e\u015fitli olaylarla ismi an\u0131lan Ke\u00e7i\u00f6ren Belediye Ba\u015fkan\u0131 Mesut \u00d6zarslan, Cumhuriyet Halk Partisi \u00fcyeli\u011finden istifa etti\u011fini duyurdu. Peki, Ke\u00e7i\u00f6ren Belediye Ba\u015fkan\u0131 Mesut \u00d6zarslan kimdir, ka\u00e7 ya\u015f\u0131nda, nereli?<\/p>\n<p>Ankara siyasetinin dinamik fig\u00fcrlerinden biri olarak kabul edilen ve Ke\u00e7i\u00f6ren halk\u0131n\u0131n b\u00fcy\u00fck deste\u011fini alarak belediye ba\u015fkanl\u0131\u011f\u0131 makam\u0131na oturan Dr. Mesut \u00d6zarslan partisinden istifa etti. Son d\u00f6nemde \u00e7e\u015fitli olaylarla ismi an\u0131lan Ke\u00e7i\u00f6ren Belediye Ba\u015fkan\u0131 Mesut \u00d6zarslan, Cumhuriyet Halk Partisi \u00fcyeli\u011finden istifa etti\u011fini duyurdu. Peki, Ke\u00e7i\u00f6ren Belediye Ba\u015fkan\u0131 Mesut \u00d6zarslan kimdir, ka\u00e7 ya\u015f\u0131nda, nereli?<\/p>\n<p>Mesut \u00d6zarslan 1976 y\u0131l\u0131nda Sivas\u2019ta d\u00fcnyaya geldi. \u0130n\u015faat Y\u00fcksek M\u00fchendisi Dr. Mesut \u00d6zarslan ilk, orta ve lise e\u011fitimini Sivas\u2019ta tamamlad\u0131ktan sonra Konya Sel\u00e7uk \u00dcniversitesi \u0130n\u015faat M\u00fchendisli\u011fi B\u00f6l\u00fcm\u00fc\u2019nde lisans diplomas\u0131 ald\u0131. Di\u011fer taraftan ayn\u0131 \u00fcniversitede akademik hayat\u0131na devam etti. Ard\u0131ndan akademik doktoras\u0131n\u0131 tamamlayan \u00d6zarslan Toplu Konut \u0130daresi Ba\u015fkanl\u0131\u011f\u0131\u2019nda (TOK\u0130) Altyap\u0131 ve Zemin Et\u00fcd \u015eube M\u00fcd\u00fcr\u00fc olarak ba\u015flayan b\u00fcrokrasi hayat\u0131na daha \u00fcst kademe g\u00f6revlerde bulunarak devam etti. 2005 y\u0131l\u0131nda Pakistan depremi sonras\u0131nda Ba\u015fbakan ad\u0131na Ba\u015fbakanl\u0131k Koordinat\u00f6r\u00fc olarak deprem b\u00f6lgesinde g\u00f6rev yapt\u0131. Kurucusu oldu\u011fu Geolimit M\u00fchendislik A.\u015e\u2019 de Y\u00f6netim Kurulu Ba\u015fkan\u0131 olarak i\u015f hayat\u0131nda yer edinmesinin yan\u0131s\u0131ra siyasi hayat\u0131na \u0130yi Parti Kurucular Kurul \u00dcyesi, \u0130yi Parti Kurucu Ankara \u0130l Ba\u015fkan\u0131 olmak \u00fczere bir\u00e7ok g\u00f6rev \u00fcstlendi. 8 Nisan 2019 tarihinde Ankara\u2019n\u0131n makus talihinin de\u011fi\u015fimine imza atan Say\u0131n Mansur Yava\u015f ile \u00e7al\u0131\u015fmaya ba\u015flad\u0131.<\/p>\n<p>Mesut \u00d6zarslan 1976 y\u0131l\u0131nda Sivas\u2019ta d\u00fcnyaya geldi. \u0130n\u015faat Y\u00fcksek M\u00fchendisi Dr. Mesut \u00d6zarslan ilk, orta ve lise e\u011fitimini Sivas\u2019ta tamamlad\u0131ktan sonra Konya Sel\u00e7uk \u00dcniversitesi \u0130n\u015faat M\u00fchendisli\u011fi B\u00f6l\u00fcm\u00fc\u2019nde lisans diplomas\u0131 ald\u0131. Di\u011fer taraftan ayn\u0131 \u00fcniversitede akademik hayat\u0131na devam etti. Ard\u0131ndan akademik doktoras\u0131n\u0131 tamamlayan \u00d6zarslan Toplu Konut \u0130daresi Ba\u015fkanl\u0131\u011f\u0131\u2019nda (TOK\u0130) Altyap\u0131 ve Zemin Et\u00fcd \u015eube M\u00fcd\u00fcr\u00fc olarak ba\u015flayan b\u00fcrokrasi hayat\u0131na daha \u00fcst kademe g\u00f6revlerde bulunarak devam etti. 2005 y\u0131l\u0131nda Pakistan depremi sonras\u0131nda Ba\u015fbakan ad\u0131na Ba\u015fbakanl\u0131k Koordinat\u00f6r\u00fc olarak deprem b\u00f6lgesinde g\u00f6rev yapt\u0131. Kurucusu oldu\u011fu Geolimit M\u00fchendislik A.\u015e\u2019 de Y\u00f6netim Kurulu Ba\u015fkan\u0131 olarak i\u015f hayat\u0131nda yer edinmesinin yan\u0131s\u0131ra siyasi hayat\u0131na \u0130yi Parti Kurucular Kurul \u00dcyesi, \u0130yi Parti Kurucu Ankara \u0130l Ba\u015fkan\u0131 olmak \u00fczere bir\u00e7ok g\u00f6rev \u00fcstlendi. 8 Nisan 2019 tarihinde Ankara\u2019n\u0131n makus talihinin de\u011fi\u015fimine imza atan Say\u0131n Mansur Yava\u015f ile \u00e7al\u0131\u015fmaya ba\u015flad\u0131.<\/p>\n<p>T.C. Ankara B\u00fcy\u00fck\u015fehir Belediyesi\u2019nde s\u0131ras\u0131yla; ABB Belko Genel M\u00fcdu\u0308r\u00fc ABB Porta\u015f Genel M\u00fcd\u00fcr\u00fc ABB Porta\u015f Y\u00f6netim Kurulu Ba\u015fkan\u0131 ABB Ba\u015fdan\u0131\u015fman Aski Spor Asba\u015fkan\u0131 Fomget Kad\u0131n Futbol Tak\u0131m\u0131 Asba\u015fkan\u0131 g\u00f6revlerinde bulundu.<\/p>\n<p>T.C. Ankara B\u00fcy\u00fck\u015fehir Belediyesi\u2019nde s\u0131ras\u0131yla;<\/p>\n<p>g\u00f6revlerinde bulundu.<\/p>\n<p>En son olarak, mevcut g\u00f6revlerinden istifa ederek Cumhuriyet Halk Partisine (CHP) \u00fcye olan Dr. Mesut \u00d6zarslan, CHP Ke\u00e7i\u00f6ren Belediye Ba\u015fkan adayl\u0131\u011f\u0131 g\u00f6revini \u00fcstlenmi\u015f ve 31 Mart 2024 tarihinde yap\u0131lan yerel se\u00e7imlerde Ke\u00e7i\u00f6ren Belediye Ba\u015fkan\u0131 se\u00e7ilmi\u015ftir. Ke\u00e7i\u00f6ren Belediye Ba\u015fkan\u0131 Mesut \u00d6zarslan, Cumhuriyet Halk Partisi \u00fcyeli\u011finden istifa etti\u011fini duyurdu.<\/p>\n<p>En son olarak, mevcut g\u00f6revlerinden istifa ederek Cumhuriyet Halk Partisine (CHP) \u00fcye olan Dr. Mesut \u00d6zarslan, CHP Ke\u00e7i\u00f6ren Belediye Ba\u015fkan adayl\u0131\u011f\u0131 g\u00f6revini \u00fcstlenmi\u015f ve 31 Mart 2024 tarihinde yap\u0131lan yerel se\u00e7imlerde Ke\u00e7i\u00f6ren Belediye Ba\u015fkan\u0131 se\u00e7ilmi\u015ftir. Ke\u00e7i\u00f6ren Belediye Ba\u015fkan\u0131 Mesut \u00d6zarslan, Cumhuriyet Halk Partisi \u00fcyeli\u011finden istifa etti\u011fini duyurdu.<\/p>\n<p>T\u00fcrkiye&#x27;den ve D\u00fcnya\u2019dan son dakika haberleri, k\u00f6\u015fe yaz\u0131lar\u0131, magazinden siyasete, spordan seyahate b\u00fct\u00fcn konular\u0131n tek adresi Hurriyet.com.tr haber i\u00e7erikleri izin al\u0131nmadan, kaynak g\u00f6sterilerek dahi iktibas edilemez. Kanuna ayk\u0131r\u0131 ve izinsiz olarak kopyalanamaz, ba\u015fka yerde yay\u0131nlanamaz.<\/p>\n","protected":false},"excerpt":{"rendered":"<p>31 Mart yerel se\u00e7imlerinde Ke\u00e7i\u00f6ren Belediye Ba\u015fkan\u0131 olarak se\u00e7ilen ve g\u00f6reve geldi\u011fi g\u00fcnden bu yana il\u00e7ede ger\u00e7ekle\u015ftirdi\u011fi projelerle ad\u0131ndan s\u0131k\u00e7a s\u00f6z&#8230;<\/p>\n","protected":false},"author":2,"featured_media":191,"comment_status":"open","ping_status":"open","sticky":false,"template":"","format":"standard","meta":{"footnotes":""},"categories":[8,3],"tags":[],"class_list":["post-192","post","type-post","status-publish","format-standard","has-post-thumbnail","hentry","category-arsiv","category-siyaset"],"_links":{"self":[{"href":"https:\/\/eskigazeteci.com\/index.php?rest_route=\/wp\/v2\/posts\/192","targetHints":{"allow":["GET"]}}],"collection":[{"href":"https:\/\/eskigazeteci.com\/index.php?rest_route=\/wp\/v2\/posts"}],"about":[{"href":"https:\/\/eskigazeteci.com\/index.php?rest_route=\/wp\/v2\/types\/post"}],"author":[{"embeddable":true,"href":"https:\/\/eskigazeteci.com\/index.php?rest_route=\/wp\/v2\/users\/2"}],"replies":[{"embeddable":true,"href":"https:\/\/eskigazeteci.com\/index.php?rest_route=%2Fwp%2Fv2%2Fcomments&post=192"}],"version-history":[{"count":0,"href":"https:\/\/eskigazeteci.com\/index.php?rest_route=\/wp\/v2\/posts\/192\/revisions"}],"wp:featuredmedia":[{"embeddable":true,"href":"https:\/\/eskigazeteci.com\/index.php?rest_route=\/wp\/v2\/media\/191"}],"wp:attachment":[{"href":"https:\/\/eskigazeteci.com\/index.php?rest_route=%2Fwp%2Fv2%2Fmedia&parent=192"}],"wp:term":[{"taxonomy":"category","embeddable":true,"href":"https:\/\/eskigazeteci.com\/index.php?rest_route=%2Fwp%2Fv2%2Fcategories&post=192"},{"taxonomy":"post_tag","embeddable":true,"href":"https:\/\/eskigazeteci.com\/index.php?rest_route=%2Fwp%2Fv2%2Ftags&post=192"}],"curies":[{"name":"wp","href":"https:\/\/api.w.org\/{rel}","templated":true}]}}