{"id":186,"date":"2026-02-09T09:43:37","date_gmt":"2026-02-09T09:43:37","guid":{"rendered":"https:\/\/eskigazeteci.com\/?p=186"},"modified":"2026-02-09T09:43:37","modified_gmt":"2026-02-09T09:43:37","slug":"haber-68","status":"publish","type":"post","link":"https:\/\/eskigazeteci.com\/?p=186","title":{"rendered":"Haber"},"content":{"rendered":"<p>Son dakika 12. Yarg\u0131 Paketi i\u00e7eri\u011fi ve maddeleri, vatanda\u015flar\u0131n g\u00fcndeminde yer al\u0131yor. Bakanl\u0131k \u00e7al\u0131\u015fmalar i\u00e7in d\u00fc\u011fmeye basarken, mahkum ve mahkum yak\u0131nlar\u0131 da yeni yarg\u0131 paketinde af \u00e7\u0131kacak m\u0131? infaz d\u00fczenlemesi yap\u0131lacak m\u0131? sorular\u0131na yan\u0131t aramaya ba\u015flad\u0131. Kamuoyunda yeni yarg\u0131 paketi olarak da bilinen 12&#x27;nci Yarg\u0131 Paketi ile ilgili Bakan Tun\u00e7 ge\u00e7ti\u011fimiz haftalarda a\u00e7\u0131klamalarda bulunmu\u015ftu. Tun\u00e7, &quot;12. Yarg\u0131 Paketi, infaz d\u00fczenlemesiyle ilgili de\u011fil, hukuk yarg\u0131lamalar\u0131n\u0131n etkinli\u011fini art\u0131rmak ve yarg\u0131da gecikmeye y\u00f6nelik \u00f6nemli d\u00fczenlemeler i\u00e7eriyor.&quot; demi\u015fti. Konuyla ilgili Bakan Tun\u00e7&#x27;tan bir \u00f6nemli a\u00e7\u0131klama daha geldi. G\u00f6zler \u015fimdi 12. Yarg\u0131 Paketi Meclis tarihinde. Peki, 12. Yarg\u0131 Paketi ne zaman \u00e7\u0131kacak, i\u00e7eri\u011fi neler? \u0130\u015fte, detaylar.<\/p>\n<p>Adalet Bakan\u0131 Y\u0131lmaz Tun\u00e7, Adalet Bakanl\u0131\u011f\u0131 ve Yarg\u0131tay Cumhuriyet Ba\u015fsavc\u0131l\u0131\u011f\u0131nca Afyonkarahisar&#x27;daki termal otelde d\u00fczenlenen Kanun Yolu Uygulamalar\u0131 Program\u0131&#x27;nda a\u00e7\u0131klamalarda bulundu. Yak\u0131n zamanda TBMM&#x27;de g\u00f6r\u00fc\u015f\u00fclecek 12. Yarg\u0131 Paketi&#x27;nin kanun yolunu ilgilendiren \u00f6nemli d\u00fczenlemeler i\u00e7erdi\u011fine dikkati \u00e7eken Tun\u00e7, &quot;Son 12. Yarg\u0131 Paketi&#x27;nin i\u00e7erisinde olacak \u00f6nemli bir husus. Bunlar\u0131n yan\u0131nda kanun yoluyla ilgili reform irademizi s\u00fcrekli canl\u0131 tutuyoruz. Uygulamada ortaya \u00e7\u0131kan ihtiya\u00e7lar do\u011frultusunda yeni ad\u0131mlar atmaya da devam ediyoruz. 12. Yarg\u0131 Paketi&#x27;nde bozma sonras\u0131 dosyalar\u0131n \u00f6ncelikli incelenmesi var. Sadece g\u00f6rev y\u00f6n\u00fcnden kararlar\u0131n bozulmas\u0131n\u0131n \u00f6n\u00fcne ge\u00e7ilerek yarg\u0131lamalar\u0131n uzamas\u0131n\u0131n \u00f6n\u00fcne ge\u00e7ilmesini ama\u00e7layan taslak \u00e7al\u0131\u015fmalar\u0131m\u0131z var.&quot; diye konu\u015ftu.<\/p>\n<p>Konuyla ilgili ge\u00e7ti\u011fimiz g\u00fcnlerde de Bakan Tun\u00e7 a\u00e7\u0131klamalarda bulunmu\u015ftu. Adalet Bakan\u0131 Y\u0131lmaz Tun\u00e7, Bart\u0131n\u2019da &#x27;Y\u00fczy\u0131l\u0131n Konut Projesi&#x27; kapsam\u0131nda in\u015fa edilecek 1620 sosyal konutun hak sahipleri i\u00e7in d\u00fczenlenen &#x27;Ev Sahibi T\u00fcrkiye Kura \u00c7ekili\u015f T\u00f6reni&#x27;ne kat\u0131ld\u0131. Bakan Tun\u00e7, 18 ya\u015f alt\u0131 su\u00e7 i\u015fleyen \u00e7ocuklarla ilgili ara\u015ft\u0131rma komisyonu kuruldu\u011funu belirterek \u015funlar\u0131 s\u00f6yledi: &quot;T\u00fcm partilerin ortak karar\u0131 ile bir ara\u015ft\u0131rma komisyonu kuruldu. Meclis&#x27;te \u0130stanbul Milletvekilimiz Tu\u011fba Turgut&#x27;un ba\u015fkanl\u0131\u011f\u0131nda bu komisyon \u015fu anda \u00e7al\u0131\u015fmalar\u0131na devam ediyor. Hem bizim \u00f6nerilerimiz ve \u00e7e\u015fitli bakanl\u0131klar\u0131n \u00f6nerilerini dinliyorlar, kurumlar\u0131 akademisyenleri dinliyorlar, bizler de bu komisyona g\u00f6r\u00fc\u015flerimizi ifade ediyoruz ve komisyonunun olu\u015fturaca\u011f\u0131 rapor sonras\u0131nda yasal d\u00fczenleme ihtiyac\u0131 konusu tekrar Meclis&#x27;in g\u00fcndemine gelebilecektir. \u015eu anda komisyon \u00e7al\u0131\u015fmalar\u0131n\u0131 bekliyoruz ama onun \u00f6ncesinde \u00e7ocuklar\u0131n \u00f6rg\u00fctler taraf\u0131ndan kullan\u0131lmas\u0131yla ilgili cezalar\u0131 11&#x27;inci yarg\u0131 paketinde zaten art\u0131rm\u0131\u015ft\u0131k. Hem 10\u2019uncu yarg\u0131 paketi hem 11\u2019inci yarg\u0131 paketinde ceza adaletinin etkinli\u011fini sa\u011flayamaya y\u00f6nelik \u00f6nemli d\u00fczenlemeler hayata ge\u00e7ti. \u00d6zellikle meskun mahallede silah atma, trafikte yol kesme, bunlar hep ceza kanunumuzda yerlerini ald\u0131 ve hapis cezas\u0131 gerektiren hususlar olarak \u015fu anda y\u00fcr\u00fcrl\u00fc\u011fe girmi\u015f durumdad\u0131r. Bunun yan\u0131 s\u0131ra denetimli serbestlik uygulamalar\u0131ndan kaynaklanan cezas\u0131zl\u0131k alg\u0131s\u0131n\u0131 ortadan kald\u0131ran d\u00fczenlemelerde yap\u0131ld\u0131.&quot;<\/p>\n<p>Adalet Bakan\u0131 Y\u0131lmaz Tun\u00e7, AK Parti TBMM Grup Toplant\u0131s\u0131 \u00f6ncesinde gazetecilerin sorular\u0131n\u0131 yan\u0131tlad\u0131. Yarg\u0131 Reformu Strateji Belgesinde &quot;Ceza Adaletinin Sa\u011flanmas\u0131&quot; hedefinin yer ald\u0131\u011f\u0131n\u0131 hat\u0131rlatan Tun\u00e7, \u015funlar\u0131 s\u00f6yledi: &quot;Yeni bir \u0130nfaz Kanunu \u015fu anda s\u00f6z konusu de\u011fil. Af s\u00f6ylentileri vesaire bunlar kesinlikle s\u00f6z konusu de\u011fil. \u015eu anda Meclis, Yarg\u0131 Reformu Strateji kapsam\u0131nda yarg\u0131 paketlerini peyderpey g\u00fcndeme getiriyor. Biz de Adalet Bakanl\u0131\u011f\u0131 olarak teknik destek vermeye devam ediyoruz. 10. ve 11. Yarg\u0131 Paketleri yasala\u015ft\u0131. Bunlar ceza adalet sistemiyle ilgiliydi. \u015eimdi 12. Yarg\u0131 Paketi&#x27;yle ilgili haz\u0131rl\u0131klar devam ediyor.<\/p>\n<p>&quot;Biz teknik \u00e7al\u0131\u015fmalar\u0131 tamamlad\u0131k. Milletvekillerimizin takdirlerine arz ettik. Orada da hukuk yarg\u0131lamalar\u0131n\u0131n etkinli\u011fini art\u0131rmaya, uzun s\u00fcren davalar\u0131 daha \u00e7abuk sonu\u00e7land\u0131rmaya, duru\u015fmalar\u0131n daha sadele\u015ftirilmesine, arabuluculuk sisteminin daha etkin hale getirilmesi, noter yard\u0131mc\u0131l\u0131\u011f\u0131 sistemi, \u00e7eki\u015fmesiz yarg\u0131 i\u015flemlerinin yarg\u0131 d\u0131\u015f\u0131nda \u00e7\u00f6z\u00fclebilmesine y\u00f6nelik \u00f6nemli d\u00fczenlemeler olacak. 12. Yarg\u0131 Paketi, infaz d\u00fczenlemesiyle ilgili de\u011fil, hukuk yarg\u0131lamalar\u0131n\u0131n etkinli\u011fini art\u0131rmak ve yarg\u0131da gecikmeye y\u00f6nelik \u00f6nemli d\u00fczenlemeler i\u00e7eriyor.&quot;<\/p>\n<p>Yeni y\u0131lla birlikte 12\u2019nci Yarg\u0131 Paketi\u2019nin Meclis g\u00fcndemine getirilmesi i\u00e7in \u00e7al\u0131\u015fmalara ba\u015flanacak. Paketin y\u0131l\u0131n ilk \u00e7eyre\u011finde, AK Parti Grup Ba\u015fkanl\u0131\u011f\u0131 taraf\u0131ndan Meclis Ba\u015fkanl\u0131\u011f\u0131\u2019na sunulmas\u0131 \u00f6ng\u00f6r\u00fcl\u00fcyor.<\/p>\n<p>T\u00fcrkiye&#x27;den ve D\u00fcnya\u2019dan son dakika haberleri, k\u00f6\u015fe yaz\u0131lar\u0131, magazinden siyasete, spordan seyahate b\u00fct\u00fcn konular\u0131n tek adresi Hurriyet.com.tr haber i\u00e7erikleri izin al\u0131nmadan, kaynak g\u00f6sterilerek dahi iktibas edilemez. Kanuna ayk\u0131r\u0131 ve izinsiz olarak kopyalanamaz, ba\u015fka yerde yay\u0131nlanamaz.<\/p>\n","protected":false},"excerpt":{"rendered":"<p>Yeni yarg\u0131 paketi tasla\u011f\u0131 ve kapsam\u0131, g\u00fcndemde \u00f6ne \u00e7\u0131kan ba\u015fl\u0131klar aras\u0131nda yer al\u0131yor. 12. Yarg\u0131 Paketi infaz d\u00fczenlemesi ve af \u00e7\u0131kacak m\u0131 son dakika&#8230;<\/p>\n","protected":false},"author":2,"featured_media":185,"comment_status":"open","ping_status":"open","sticky":false,"template":"","format":"standard","meta":{"footnotes":""},"categories":[8,3],"tags":[],"class_list":["post-186","post","type-post","status-publish","format-standard","has-post-thumbnail","hentry","category-arsiv","category-siyaset"],"_links":{"self":[{"href":"https:\/\/eskigazeteci.com\/index.php?rest_route=\/wp\/v2\/posts\/186","targetHints":{"allow":["GET"]}}],"collection":[{"href":"https:\/\/eskigazeteci.com\/index.php?rest_route=\/wp\/v2\/posts"}],"about":[{"href":"https:\/\/eskigazeteci.com\/index.php?rest_route=\/wp\/v2\/types\/post"}],"author":[{"embeddable":true,"href":"https:\/\/eskigazeteci.com\/index.php?rest_route=\/wp\/v2\/users\/2"}],"replies":[{"embeddable":true,"href":"https:\/\/eskigazeteci.com\/index.php?rest_route=%2Fwp%2Fv2%2Fcomments&post=186"}],"version-history":[{"count":0,"href":"https:\/\/eskigazeteci.com\/index.php?rest_route=\/wp\/v2\/posts\/186\/revisions"}],"wp:featuredmedia":[{"embeddable":true,"href":"https:\/\/eskigazeteci.com\/index.php?rest_route=\/wp\/v2\/media\/185"}],"wp:attachment":[{"href":"https:\/\/eskigazeteci.com\/index.php?rest_route=%2Fwp%2Fv2%2Fmedia&parent=186"}],"wp:term":[{"taxonomy":"category","embeddable":true,"href":"https:\/\/eskigazeteci.com\/index.php?rest_route=%2Fwp%2Fv2%2Fcategories&post=186"},{"taxonomy":"post_tag","embeddable":true,"href":"https:\/\/eskigazeteci.com\/index.php?rest_route=%2Fwp%2Fv2%2Ftags&post=186"}],"curies":[{"name":"wp","href":"https:\/\/api.w.org\/{rel}","templated":true}]}}