{"id":184,"date":"2026-02-09T09:43:36","date_gmt":"2026-02-09T09:43:36","guid":{"rendered":"https:\/\/eskigazeteci.com\/?p=184"},"modified":"2026-02-09T09:43:36","modified_gmt":"2026-02-09T09:43:36","slug":"haber-67","status":"publish","type":"post","link":"https:\/\/eskigazeteci.com\/?p=184","title":{"rendered":"Haber"},"content":{"rendered":"<p>\u0130kinci d\u00f6nem ara tatil tarihi \u00f6\u011frencilerin odak noktalar\u0131ndan birisi olmaya devam ediyor. Milyonlarca \u00f6\u011frenci ve velinin merakla bekledi\u011fi 2025-2026 e\u011fitim \u00f6\u011fretim y\u0131l\u0131 takvimi netle\u015firken, g\u00f6zler ikinci ara tatilin tarihine ve ara tatillerin kal\u0131c\u0131 olup olmayaca\u011f\u0131 tart\u0131\u015fmalar\u0131na \u00e7evrildi. Milli E\u011fitim Bakanl\u0131\u011f\u0131&#x27;n\u0131n (MEB) yay\u0131mlad\u0131\u011f\u0131 takvime g\u00f6re, ikinci d\u00f6nem ara tatili Mart ay\u0131nda yap\u0131lacak. Di\u011fer taraftan Bakan Yusuf Tekin&#x27;in son a\u00e7\u0131klamalar\u0131, ara tatil uygulamas\u0131n\u0131n gelecekte devam etmeyebilece\u011fine dair \u00f6nemli ipu\u00e7lar\u0131 veriyor. Peki, \u0130kinci ara tatil ne zaman? 2. d\u00f6nem ara tatil kalkt\u0131 m\u0131, ne zaman yap\u0131lacak? Bakan Tekin&#x27;den \u00f6nemli a\u00e7\u0131klama<\/p>\n<p>MEB&#x27;in 2025-2026 e\u011fitim \u00f6\u011fretim y\u0131l\u0131 i\u00e7in belirledi\u011fi takvime g\u00f6re, okullar 26 Haziran 2026 Cuma g\u00fcn\u00fc kapanacak. Bu takvimde ikinci d\u00f6nem ara tatili, 16 Mart 2026 Pazartesi ile 20 Mart 2026 Cuma tarihleri aras\u0131nda ger\u00e7ekle\u015ftirilecek. \u00d6\u011frenciler, 13 Mart Cuma g\u00fcn\u00fc ders bitiminde tatile ba\u015flayacak ve 23 Mart Pazartesi g\u00fcn\u00fc tekrar ders ba\u015f\u0131 yapacaklar. Ramazan Bayram\u0131 ile ayn\u0131 d\u00f6neme denk geliyor. Ramazan Bayram\u0131&#x27;n\u0131n arefe g\u00fcn\u00fc 19 Mart Per\u015fembe, bayram\u0131n birinci g\u00fcn\u00fc ise 20 Mart Cuma olarak belirlendi. Bu durum, \u00f6\u011frencilere ve ailelerine hafta sonu ile birle\u015fen daha uzun bir dinlenme f\u0131rsat\u0131 sunacak.<\/p>\n<p>MEB&#x27;in 2025-2026 e\u011fitim \u00f6\u011fretim y\u0131l\u0131 i\u00e7in belirledi\u011fi takvime g\u00f6re, okullar 26 Haziran 2026 Cuma g\u00fcn\u00fc kapanacak.<\/p>\n<p>Bu takvimde ikinci d\u00f6nem ara tatili, 16 Mart 2026 Pazartesi ile 20 Mart 2026 Cuma tarihleri aras\u0131nda ger\u00e7ekle\u015ftirilecek. \u00d6\u011frenciler, 13 Mart Cuma g\u00fcn\u00fc ders bitiminde tatile ba\u015flayacak ve 23 Mart Pazartesi g\u00fcn\u00fc tekrar ders ba\u015f\u0131 yapacaklar.<\/p>\n<p>Ramazan Bayram\u0131 ile ayn\u0131 d\u00f6neme denk geliyor. Ramazan Bayram\u0131&#x27;n\u0131n arefe g\u00fcn\u00fc 19 Mart Per\u015fembe, bayram\u0131n birinci g\u00fcn\u00fc ise 20 Mart Cuma olarak belirlendi. Bu durum, \u00f6\u011frencilere ve ailelerine hafta sonu ile birle\u015fen daha uzun bir dinlenme f\u0131rsat\u0131 sunacak.<\/p>\n<p>Di\u011fer yandan, Milli E\u011fitim Bakan\u0131 Yusuf Tekin, ara tatillerin kald\u0131r\u0131lmas\u0131 y\u00f6n\u00fcnde velilerden ve \u00f6\u011fretmenlerden yo\u011fun talep geldi\u011fini belirtti. Bakan Tekin, \u00f6zellikle \u00e7al\u0131\u015fan ebeveynlerin sorun ya\u015fad\u0131\u011f\u0131n\u0131 ve tatil sonras\u0131 \u00f6\u011frencilerin okula adaptasyonunda g\u00fc\u00e7l\u00fckler ya\u015fand\u0131\u011f\u0131n\u0131 ifade etti. Bakan Tekin, konuyla ilgili yapt\u0131\u011f\u0131 a\u00e7\u0131klamada, &quot;Bu konuda velilerden \u00e7ok talep geliyor&#8230; \u00d6\u011fretmenlerimiz &#x27;ara tatil sonras\u0131 \u00e7ocu\u011fun okula adaptasyonu zor oluyor&#x27; diyor. Bu konuda iki y\u0131ld\u0131r analiz yap\u0131yoruz. Bu y\u0131l da yapaca\u011f\u0131z. Ondan sonra de\u011ferlendirece\u011fiz,&quot; ifadelerini kulland\u0131. Bu a\u00e7\u0131klamalar, 2019&#x27;dan beri uygulanan ara tatil sisteminin \u00f6n\u00fcm\u00fczdeki y\u0131llarda yeniden g\u00f6zden ge\u00e7irilebilece\u011fi ve kald\u0131r\u0131labilece\u011fi sinyalini verdi. Bakanl\u0131k, ara tatillerin e\u011fitim s\u00fcre\u00e7lerine etkilerini analiz etmeye devam ediyor ve hen\u00fcz verilmi\u015f kesin bir karar bulunmuyor. Ancak yap\u0131lan de\u011ferlendirmeler sonucunda, uygulaman\u0131n devam edip etmeyece\u011fi netlik kazanacak.<\/p>\n<p>Di\u011fer yandan, Milli E\u011fitim Bakan\u0131 Yusuf Tekin, ara tatillerin kald\u0131r\u0131lmas\u0131 y\u00f6n\u00fcnde velilerden ve \u00f6\u011fretmenlerden yo\u011fun talep geldi\u011fini belirtti. Bakan Tekin, \u00f6zellikle \u00e7al\u0131\u015fan ebeveynlerin sorun ya\u015fad\u0131\u011f\u0131n\u0131 ve tatil sonras\u0131 \u00f6\u011frencilerin okula adaptasyonunda g\u00fc\u00e7l\u00fckler ya\u015fand\u0131\u011f\u0131n\u0131 ifade etti.<\/p>\n<p>Bakan Tekin, konuyla ilgili yapt\u0131\u011f\u0131 a\u00e7\u0131klamada, &quot;Bu konuda velilerden \u00e7ok talep geliyor&#8230; \u00d6\u011fretmenlerimiz &#x27;ara tatil sonras\u0131 \u00e7ocu\u011fun okula adaptasyonu zor oluyor&#x27; diyor. Bu konuda iki y\u0131ld\u0131r analiz yap\u0131yoruz. Bu y\u0131l da yapaca\u011f\u0131z. Ondan sonra de\u011ferlendirece\u011fiz,&quot; ifadelerini kulland\u0131. Bu a\u00e7\u0131klamalar, 2019&#x27;dan beri uygulanan ara tatil sisteminin \u00f6n\u00fcm\u00fczdeki y\u0131llarda yeniden g\u00f6zden ge\u00e7irilebilece\u011fi ve kald\u0131r\u0131labilece\u011fi sinyalini verdi.<\/p>\n<p>Bakanl\u0131k, ara tatillerin e\u011fitim s\u00fcre\u00e7lerine etkilerini analiz etmeye devam ediyor ve hen\u00fcz verilmi\u015f kesin bir karar bulunmuyor. Ancak yap\u0131lan de\u011ferlendirmeler sonucunda, uygulaman\u0131n devam edip etmeyece\u011fi netlik kazanacak.<\/p>\n<p>Okullar\u0131n A\u00e7\u0131l\u0131\u015f\u0131: 8 Eyl\u00fcl 2025 Pazartesi Birinci D\u00f6nem Ara Tatili: 10 &#8211; 14 Kas\u0131m 2025 Yar\u0131y\u0131l Tatili: 19 &#8211; 30 Ocak 2026 \u0130kinci D\u00f6nem Ara Tatili: 16 &#8211; 20 Mart 2026 Okullar\u0131n Kapan\u0131\u015f\u0131: 26 Haziran 2026 Cuma<\/p>\n<p>T\u00fcrkiye&#x27;den ve D\u00fcnya\u2019dan son dakika haberleri, k\u00f6\u015fe yaz\u0131lar\u0131, magazinden siyasete, spordan seyahate b\u00fct\u00fcn konular\u0131n tek adresi Hurriyet.com.tr haber i\u00e7erikleri izin al\u0131nmadan, kaynak g\u00f6sterilerek dahi iktibas edilemez. Kanuna ayk\u0131r\u0131 ve izinsiz olarak kopyalanamaz, ba\u015fka yerde yay\u0131nlanamaz.<\/p>\n","protected":false},"excerpt":{"rendered":"<p>Okullarda Mart ara tatili tarihi 2025 2026 MEB takvimi kapsam\u0131nda takip ediliyor. \u0130kinci ara tatil ne zaman sorusu MEB&#8217;in resmi takviminde yan\u0131t buldu&#8230;.<\/p>\n","protected":false},"author":2,"featured_media":183,"comment_status":"open","ping_status":"open","sticky":false,"template":"","format":"standard","meta":{"footnotes":""},"categories":[8,3],"tags":[],"class_list":["post-184","post","type-post","status-publish","format-standard","has-post-thumbnail","hentry","category-arsiv","category-siyaset"],"_links":{"self":[{"href":"https:\/\/eskigazeteci.com\/index.php?rest_route=\/wp\/v2\/posts\/184","targetHints":{"allow":["GET"]}}],"collection":[{"href":"https:\/\/eskigazeteci.com\/index.php?rest_route=\/wp\/v2\/posts"}],"about":[{"href":"https:\/\/eskigazeteci.com\/index.php?rest_route=\/wp\/v2\/types\/post"}],"author":[{"embeddable":true,"href":"https:\/\/eskigazeteci.com\/index.php?rest_route=\/wp\/v2\/users\/2"}],"replies":[{"embeddable":true,"href":"https:\/\/eskigazeteci.com\/index.php?rest_route=%2Fwp%2Fv2%2Fcomments&post=184"}],"version-history":[{"count":0,"href":"https:\/\/eskigazeteci.com\/index.php?rest_route=\/wp\/v2\/posts\/184\/revisions"}],"wp:featuredmedia":[{"embeddable":true,"href":"https:\/\/eskigazeteci.com\/index.php?rest_route=\/wp\/v2\/media\/183"}],"wp:attachment":[{"href":"https:\/\/eskigazeteci.com\/index.php?rest_route=%2Fwp%2Fv2%2Fmedia&parent=184"}],"wp:term":[{"taxonomy":"category","embeddable":true,"href":"https:\/\/eskigazeteci.com\/index.php?rest_route=%2Fwp%2Fv2%2Fcategories&post=184"},{"taxonomy":"post_tag","embeddable":true,"href":"https:\/\/eskigazeteci.com\/index.php?rest_route=%2Fwp%2Fv2%2Ftags&post=184"}],"curies":[{"name":"wp","href":"https:\/\/api.w.org\/{rel}","templated":true}]}}