{"id":1783,"date":"2026-02-13T04:29:03","date_gmt":"2026-02-13T04:29:03","guid":{"rendered":"https:\/\/eskigazeteci.com\/?p=1783"},"modified":"2026-02-13T04:29:03","modified_gmt":"2026-02-13T04:29:03","slug":"serdal-adali-tunelin-ucundaki-isigi-tum-besiktaslilar-gordu","status":"publish","type":"post","link":"https:\/\/eskigazeteci.com\/?p=1783","title":{"rendered":"Serdal Adal\u0131: &#8216;T\u00fcnelin ucundaki \u0131\u015f\u0131\u011f\u0131 t\u00fcm Be\u015fikta\u015fl\u0131lar g\u00f6rd\u00fc&#8217;"},"content":{"rendered":"<p>Be\u015fikta\u015f Ba\u015fkan\u0131 Serdal Adal\u0131, kul\u00fcp a\u00e7\u0131s\u0131ndan k\u00e2rl\u0131 bir transfer d\u00f6nemini geride b\u0131rakt\u0131klar\u0131n\u0131 s\u00f6yledi. Ara transferde al\u0131nan Yasin \u00d6zcan, Kristjan Asllani, Junior Olaitan, Hyeongyu Oh, Emmanuel Agbadou, Amir Murillo ve Devis Vasquez i\u00e7in d\u00fczenlenen imza t\u00f6reninde konu\u015fan Adal\u0131, \u201cTeknik ekibin talepleri do\u011frultusunda h\u0131rs\u0131na, \u00e7al\u0131\u015fma disiplinlerine ve karakterlerine g\u00fcvendi\u011fimiz oyuncular\u0131 transfer ettik. \u00d6n\u00fcm\u00fczdeki 10 y\u0131ll\u0131k Be\u015fikta\u015f plan\u0131, camiam\u0131zda heyecan yaratt\u0131. T\u00fcnelin sonundaki \u0131\u015f\u0131\u011f\u0131n camiam\u0131z taraf\u0131ndan g\u00f6r\u00fcld\u00fc\u011f\u00fcne inan\u0131yorum. Bu s\u00fcre\u00e7te taraftarlar\u0131m\u0131zdan beklentim, Kartal Yuvas\u0131 ma\u011fazalar\u0131na hak etti\u011fi ilgiyi g\u00f6stermesidir\u201d dedi.<\/p>\n<p>&#x27;HAKEM EL\u0130YLE YAZILAN B\u0130R SKANDAL&#x27;<\/p>\n<p>Transferde y\u00fczde 100 ba\u015far\u0131n\u0131n imkans\u0131z oldu\u011funu belirten Adal\u0131, \u201cBazen yetenekli isimlerin \u00fclkeye ve tak\u0131ma uyumu sorun olabiliyor. Bekledi\u011fimiz verimi alamad\u0131\u011f\u0131m\u0131zda ve iyi bir teklif geldi\u011finde yollar\u0131 iyi bir \u015fekilde ay\u0131rd\u0131k. Kay\u0131p ya\u015famad\u0131k. \u00d6nemli kazan\u0131mlar elde ettik. Maa\u015f gideri d\u00fc\u015ft\u00fc, ya\u015f ortalamas\u0131n\u0131 azaltt\u0131k. S\u00f6z; teknik ekip ve futbolcularda\u201d diye konu\u015ftu. S\u00f6zlerinin devam\u0131nda MHK\u2019yi ve hakemleri ele\u015ftiren Serdal Adal\u0131, \u015funlar\u0131 s\u00f6yledi: \u201cAlanyaspor ma\u00e7\u0131ndaki taraftar\u0131n muazzam duru\u015fu,&#8230;<\/p>\n","protected":false},"excerpt":{"rendered":"<p>Yeni transferlerle imza \u015fov yapan Be\u015fikta\u015f&#8217;ta ba\u015fkan Serdal Adal\u0131, iddial\u0131 a\u00e7\u0131klamalar yapt\u0131.<\/p>\n","protected":false},"author":2,"featured_media":1782,"comment_status":"open","ping_status":"open","sticky":false,"template":"","format":"standard","meta":{"footnotes":""},"categories":[8,5,7],"tags":[],"class_list":["post-1783","post","type-post","status-publish","format-standard","has-post-thumbnail","hentry","category-arsiv","category-son-dakika","category-spor"],"_links":{"self":[{"href":"https:\/\/eskigazeteci.com\/index.php?rest_route=\/wp\/v2\/posts\/1783","targetHints":{"allow":["GET"]}}],"collection":[{"href":"https:\/\/eskigazeteci.com\/index.php?rest_route=\/wp\/v2\/posts"}],"about":[{"href":"https:\/\/eskigazeteci.com\/index.php?rest_route=\/wp\/v2\/types\/post"}],"author":[{"embeddable":true,"href":"https:\/\/eskigazeteci.com\/index.php?rest_route=\/wp\/v2\/users\/2"}],"replies":[{"embeddable":true,"href":"https:\/\/eskigazeteci.com\/index.php?rest_route=%2Fwp%2Fv2%2Fcomments&post=1783"}],"version-history":[{"count":0,"href":"https:\/\/eskigazeteci.com\/index.php?rest_route=\/wp\/v2\/posts\/1783\/revisions"}],"wp:featuredmedia":[{"embeddable":true,"href":"https:\/\/eskigazeteci.com\/index.php?rest_route=\/wp\/v2\/media\/1782"}],"wp:attachment":[{"href":"https:\/\/eskigazeteci.com\/index.php?rest_route=%2Fwp%2Fv2%2Fmedia&parent=1783"}],"wp:term":[{"taxonomy":"category","embeddable":true,"href":"https:\/\/eskigazeteci.com\/index.php?rest_route=%2Fwp%2Fv2%2Fcategories&post=1783"},{"taxonomy":"post_tag","embeddable":true,"href":"https:\/\/eskigazeteci.com\/index.php?rest_route=%2Fwp%2Fv2%2Ftags&post=1783"}],"curies":[{"name":"wp","href":"https:\/\/api.w.org\/{rel}","templated":true}]}}