{"id":1775,"date":"2026-02-13T04:24:02","date_gmt":"2026-02-13T04:24:02","guid":{"rendered":"https:\/\/eskigazeteci.com\/?p=1775"},"modified":"2026-02-13T04:24:02","modified_gmt":"2026-02-13T04:24:02","slug":"icardiden-ihanet-iddiasina-yanit","status":"publish","type":"post","link":"https:\/\/eskigazeteci.com\/?p=1775","title":{"rendered":"Icardi\u2019den ihanet iddias\u0131na yan\u0131t"},"content":{"rendered":"<p>CHINA\u2019YI ALDATTI \u0130DD\u0130ASI<\/p>\n<p>Galatasaray \u2019\u0131n Uruguayl\u0131 y\u0131ld\u0131z\u0131 Lucas Torreira 30\u2019uncu ya\u015f\u0131n\u0131 ge\u00e7en sal\u0131 g\u00f6rkemli bir partiyle kutlam\u0131\u015f, tak\u0131m arkada\u015f\u0131 Mauro Icardi sevgilisi China Suarez yurtd\u0131\u015f\u0131nda bulundu\u011fundan geceye yaln\u0131z kat\u0131lm\u0131\u015ft\u0131.<\/p>\n<p>Partiden yans\u0131yan bir g\u00f6r\u00fcnt\u00fc Arjantin bas\u0131n\u0131nda geni\u015f yank\u0131 uyand\u0131rd\u0131. Bir kad\u0131n\u0131 \u00f6perken g\u00f6r\u00fclen ki\u015finin, Icardi oldu\u011fu \u00f6ne s\u00fcr\u00fcld\u00fc.<\/p>\n<p>China Suarez , videodaki ki\u015finin Icardi olmad\u0131\u011f\u0131na dair bir takip\u00e7isinin yapt\u0131\u011f\u0131 payla\u015f\u0131m\u0131 Instagram\u2019\u0131nda yay\u0131nlayarak tart\u0131\u015fmalara dolayl\u0131 \u015fekilde yan\u0131t verdi.<\/p>\n<p>BOYNUMDAK\u0130 D\u00d6VMEY\u0130 UNUTMU\u015eLAR<\/p>\n<p>Icardi ise uzun bir a\u00e7\u0131klama yay\u0131nlayarak Arjantin bas\u0131n\u0131na tepki g\u00f6sterdi:<\/p>\n<p>\u201cS\u00f6zde \u00f6p\u00fc\u015f\u00fcrken g\u00f6r\u00fcnd\u00fc\u011f\u00fcm do\u011fum g\u00fcn\u00fc videosunda, boynumun tamamen d\u00f6vmeli oldu\u011funu \u2018unutmu\u015flar\u2019 ama birka\u00e7 izlenme u\u011fruna papa\u011fan gibi tekrar edip duruyorlar. Ah evet, unutuyordum: Sizin \u2018i\u015finiz\u2019 iftira atmak, uydurmak. Ger\u00e7ekten okumu\u015f ve i\u015fini d\u00fczg\u00fcn yapan insanlara sayg\u0131s\u0131zl\u0131k ediyorsunuz. Harika ve sevdi\u011fim kad\u0131nla, hayat\u0131m boyunca yan\u0131nda olmak istedi\u011fim kad\u0131nla beraberim. Neyse, daha fazla uzatmayay\u0131m; ama bu \u00e7\u00f6k\u00fc\u015fteki Arjantin magazinine biraz laf sokma f\u0131rsat\u0131n\u0131 ka\u00e7\u0131rmak istemedim!\u201d<\/p>\n<p>T\u00fcrkiye&#x27;den ve D\u00fcnya\u2019dan son dakika haberleri, k\u00f6\u015fe&#8230;<\/p>\n","protected":false},"excerpt":{"rendered":"<p>Torreira\u2019n\u0131n do\u011fum g\u00fcn\u00fc kutlamas\u0131nda \u00e7ekilen bir g\u00f6r\u00fcnt\u00fc ortal\u0131\u011f\u0131 kar\u0131\u015ft\u0131rd\u0131. Arjantin bas\u0131n\u0131, bir kad\u0131n\u0131 \u00f6perken g\u00f6r\u00fclen ki\u015finin Mauro Icardi oldu\u011funu,&#8230;<\/p>\n","protected":false},"author":2,"featured_media":1774,"comment_status":"open","ping_status":"open","sticky":false,"template":"","format":"standard","meta":{"footnotes":""},"categories":[8,6,5],"tags":[],"class_list":["post-1775","post","type-post","status-publish","format-standard","has-post-thumbnail","hentry","category-arsiv","category-gundem","category-son-dakika"],"_links":{"self":[{"href":"https:\/\/eskigazeteci.com\/index.php?rest_route=\/wp\/v2\/posts\/1775","targetHints":{"allow":["GET"]}}],"collection":[{"href":"https:\/\/eskigazeteci.com\/index.php?rest_route=\/wp\/v2\/posts"}],"about":[{"href":"https:\/\/eskigazeteci.com\/index.php?rest_route=\/wp\/v2\/types\/post"}],"author":[{"embeddable":true,"href":"https:\/\/eskigazeteci.com\/index.php?rest_route=\/wp\/v2\/users\/2"}],"replies":[{"embeddable":true,"href":"https:\/\/eskigazeteci.com\/index.php?rest_route=%2Fwp%2Fv2%2Fcomments&post=1775"}],"version-history":[{"count":0,"href":"https:\/\/eskigazeteci.com\/index.php?rest_route=\/wp\/v2\/posts\/1775\/revisions"}],"wp:featuredmedia":[{"embeddable":true,"href":"https:\/\/eskigazeteci.com\/index.php?rest_route=\/wp\/v2\/media\/1774"}],"wp:attachment":[{"href":"https:\/\/eskigazeteci.com\/index.php?rest_route=%2Fwp%2Fv2%2Fmedia&parent=1775"}],"wp:term":[{"taxonomy":"category","embeddable":true,"href":"https:\/\/eskigazeteci.com\/index.php?rest_route=%2Fwp%2Fv2%2Fcategories&post=1775"},{"taxonomy":"post_tag","embeddable":true,"href":"https:\/\/eskigazeteci.com\/index.php?rest_route=%2Fwp%2Fv2%2Ftags&post=1775"}],"curies":[{"name":"wp","href":"https:\/\/api.w.org\/{rel}","templated":true}]}}