{"id":1771,"date":"2026-02-13T04:21:25","date_gmt":"2026-02-13T04:21:25","guid":{"rendered":"https:\/\/eskigazeteci.com\/?p=1771"},"modified":"2026-02-13T04:21:25","modified_gmt":"2026-02-13T04:21:25","slug":"mora-olan-tutkum-hic-bitmez","status":"publish","type":"post","link":"https:\/\/eskigazeteci.com\/?p=1771","title":{"rendered":"Mora olan tutkum hi\u00e7 bitmez"},"content":{"rendered":"<p>\u25ca \u201cMor Hicranlar\u201d dinleyiciyle bulu\u015ftu. Bu par\u00e7an\u0131n ortaya \u00e7\u0131k\u0131\u015f hik\u00e2yesini ve sizin i\u00e7in ta\u015f\u0131d\u0131\u011f\u0131 anlam\u0131 anlat\u0131r m\u0131s\u0131n\u0131z?<\/p>\n<p>&#8211; Bu \u015fark\u0131y\u0131 90\u2019l\u0131 y\u0131llarda yazd\u0131m. Mora olan tutkum hi\u00e7 bitmez; mor benim i\u00e7in en asil renktir. Hicran\u0131 da bu \u015fark\u0131da en \u00fcst d\u00fczeyde, g\u00fc\u00e7l\u00fc bir bi\u00e7imde vurgulamak istedim.<\/p>\n<p>\u25ca \u015eark\u0131n\u0131n isminde ge\u00e7en \u201cmor\u201d ve \u201chicran\u201d kelimeleri olduk\u00e7a g\u00fc\u00e7l\u00fc \u00e7a\u011fr\u0131\u015f\u0131mlar yap\u0131yor. Bu iki kavram sizin d\u00fcnyan\u0131zda neyi temsil ediyor?<\/p>\n<p>&#8211; Mor, asaletin ve g\u00fcc\u00fcn simgesidir. Hicran ise yerlerde s\u00fcr\u00fcnen bir ac\u0131 de\u011fil; asil bir \u015fekilde yak\u0131nan, derin ve vakur bir duygudur. Bu \u015fark\u0131 tam olarak bunu anlat\u0131yor.<\/p>\n<p>10 YIL BOYUNCA SES\u0130M\u0130 KAYBETT\u0130M<\/p>\n<p>\u25ca \u201cMor Hicranlar\u201d\u0131 seslendirirken en \u00e7ok hangi duygularla y\u00fczle\u015ftiniz? St\u00fcdyoda sizi en \u00e7ok etkileyen an neydi?<\/p>\n<p>&#8211; 90\u2019larda bu \u015fark\u0131y\u0131 yapt\u0131\u011f\u0131m d\u00f6nemde ses tellerimden ameliyat oldum ve 10 y\u0131l boyunca sesimi kaybettim. Bu nedenle \u015fark\u0131ya gereken de\u011feri o y\u0131llarda veremedim. O d\u00f6nemlerde zamans\u0131z, her zaman dinlenebilecek \u015fark\u0131lar yap\u0131l\u0131rd\u0131. Bug\u00fcn ise \u00e7o\u011fu, beste bile diyemeyece\u011fim, \u00fc\u00e7 be\u015f ay \u00f6mr\u00fc olan g\u00fcr\u00fclt\u00fcler \u00fcretiliyor. Bu yeni d\u00fczenlemede biraz rock, biraz oryantal ve keman dokunu\u015flar\u0131 olsun istedim. Selim \u00c7ald\u0131ran d\u00fczenlemede harikalar&#8230;<\/p>\n","protected":false},"excerpt":{"rendered":"<p>G\u00fcl Erda, s\u00f6z ve m\u00fczi\u011fi kendisine ait yeni teklisi \u201cMor Hicranlar\u201d\u0131 m\u00fczikseverlerle bulu\u015fturdu. Sanat\u00e7\u0131 \u015fark\u0131n\u0131n hik\u00e2yesini \u201cBu \u015fark\u0131y\u0131 90\u2019l\u0131 y\u0131llarda&#8230;<\/p>\n","protected":false},"author":2,"featured_media":1770,"comment_status":"open","ping_status":"open","sticky":false,"template":"","format":"standard","meta":{"footnotes":""},"categories":[8,6,5],"tags":[],"class_list":["post-1771","post","type-post","status-publish","format-standard","has-post-thumbnail","hentry","category-arsiv","category-gundem","category-son-dakika"],"_links":{"self":[{"href":"https:\/\/eskigazeteci.com\/index.php?rest_route=\/wp\/v2\/posts\/1771","targetHints":{"allow":["GET"]}}],"collection":[{"href":"https:\/\/eskigazeteci.com\/index.php?rest_route=\/wp\/v2\/posts"}],"about":[{"href":"https:\/\/eskigazeteci.com\/index.php?rest_route=\/wp\/v2\/types\/post"}],"author":[{"embeddable":true,"href":"https:\/\/eskigazeteci.com\/index.php?rest_route=\/wp\/v2\/users\/2"}],"replies":[{"embeddable":true,"href":"https:\/\/eskigazeteci.com\/index.php?rest_route=%2Fwp%2Fv2%2Fcomments&post=1771"}],"version-history":[{"count":0,"href":"https:\/\/eskigazeteci.com\/index.php?rest_route=\/wp\/v2\/posts\/1771\/revisions"}],"wp:featuredmedia":[{"embeddable":true,"href":"https:\/\/eskigazeteci.com\/index.php?rest_route=\/wp\/v2\/media\/1770"}],"wp:attachment":[{"href":"https:\/\/eskigazeteci.com\/index.php?rest_route=%2Fwp%2Fv2%2Fmedia&parent=1771"}],"wp:term":[{"taxonomy":"category","embeddable":true,"href":"https:\/\/eskigazeteci.com\/index.php?rest_route=%2Fwp%2Fv2%2Fcategories&post=1771"},{"taxonomy":"post_tag","embeddable":true,"href":"https:\/\/eskigazeteci.com\/index.php?rest_route=%2Fwp%2Fv2%2Ftags&post=1771"}],"curies":[{"name":"wp","href":"https:\/\/api.w.org\/{rel}","templated":true}]}}