{"id":1745,"date":"2026-02-13T00:36:47","date_gmt":"2026-02-13T00:36:47","guid":{"rendered":"https:\/\/eskigazeteci.com\/?p=1745"},"modified":"2026-02-13T00:36:47","modified_gmt":"2026-02-13T00:36:47","slug":"avrupalilarin-ucte-ikisi-ulkelerinin-tehdit-altinda-oldugunu-dusunuyor","status":"publish","type":"post","link":"https:\/\/eskigazeteci.com\/?p=1745","title":{"rendered":"Avrupal\u0131lar\u0131n \u00fc\u00e7te ikisi \u00fclkelerinin tehdit alt\u0131nda oldu\u011funu d\u00fc\u015f\u00fcn\u00fcyor"},"content":{"rendered":"<p>AB Komisyonunun talebi \u00fczerine M\u00fcnih G\u00fcvenlik Konferans\u0131 \u00f6ncesinde Br\u00fcksel merkezli kamuoyu ara\u015ft\u0131rma \u015firketi Demoscopy taraf\u0131ndan yap\u0131lan &quot;Flash Eurobarometer 574&quot; ara\u015ft\u0131rmas\u0131na g\u00f6re, AB \u00fclkelerinde kat\u0131l\u0131mc\u0131lar\u0131n y\u00fczde 68&#x27;i \u00fclkelerinin mevcut uluslararas\u0131 durumda tehdit alt\u0131nda oldu\u011funu d\u00fc\u015f\u00fcn\u00fcyor.<\/p>\n<p>Kat\u0131l\u0131mc\u0131lar\u0131n y\u00fczde 42&#x27;si ki\u015fisel g\u00fcvenli\u011finin risk alt\u0131nda oldu\u011funu belirtirken, \u00fclke baz\u0131nda tehdit alg\u0131s\u0131n\u0131n en y\u00fcksek oldu\u011fu \u00fclkeler y\u00fczde 80 ile Fransa, y\u00fczde 77 ile Hollanda ve Danimarka, y\u00fczde 75 ile Almanya olarak s\u0131ralan\u0131yor.<\/p>\n<p>Savunma yat\u0131r\u0131mlar\u0131yla ilgili kat\u0131l\u0131mc\u0131lar\u0131n y\u00fczde 32&#x27;si AB&#x27;nin, y\u00fczde 34&#x27;\u00fc ise kendi \u00fclkesinin yeterli ad\u0131m\u0131 atmad\u0131\u011f\u0131n\u0131 d\u00fc\u015f\u00fcn\u00fcyor.<\/p>\n<p>Buna kar\u015f\u0131n Avrupal\u0131lar\u0131n y\u00fczde 52&#x27;si AB&#x27;nin g\u00fcvenlik ve savunmay\u0131 g\u00fc\u00e7lendirme kapasitesine g\u00fcveniyor.<\/p>\n<p>Bu oran en b\u00fcy\u00fck \u00fc\u00e7 AB \u00fclkesi Almanya, Fransa ve \u0130talya&#x27;da ise d\u00fc\u015f\u00fck. Almanlar\u0131n ve \u0130talyanlar\u0131n y\u00fczde 47&#x27;si ile Frans\u0131zlar\u0131n y\u00fczde 40&#x27;\u0131 bu g\u00f6r\u00fc\u015fe kat\u0131lm\u0131yor.<\/p>\n<p>Flash Eurobarometer 574 ara\u015ft\u0131rmas\u0131, 5-12 Ocak 2026 tarihlerinde AB &#x27;nin 27 \u00fcyesinde yakla\u015f\u0131k 27 bin ki\u015fiyle \u00e7evrim i\u00e7i g\u00f6r\u00fc\u015fme y\u00f6ntemiyle ger\u00e7ekle\u015ftirildi.<\/p>\n<p>Yurtd\u0131\u015f\u0131nda ya\u015fanan en son olaylar, d\u00fcnya g\u00fcndemine oturan d\u0131\u015f haberler, son dakika d\u00fcnya haberleri,&#8230;<\/p>\n","protected":false},"excerpt":{"rendered":"<p>Avrupa Birli\u011fi (AB) Komisyonunun yapt\u0131rd\u0131\u011f\u0131 ankete g\u00f6re AB \u00fclkelerinde kat\u0131l\u0131mc\u0131lar\u0131n y\u00fczde 68&#8217;i \u00fclkelerinin tehdit alt\u0131nda oldu\u011funa, y\u00fczde 42&#8217;si ise ki\u015fisel&#8230;<\/p>\n","protected":false},"author":2,"featured_media":1744,"comment_status":"open","ping_status":"open","sticky":false,"template":"","format":"standard","meta":{"footnotes":""},"categories":[8,6,5],"tags":[],"class_list":["post-1745","post","type-post","status-publish","format-standard","has-post-thumbnail","hentry","category-arsiv","category-gundem","category-son-dakika"],"_links":{"self":[{"href":"https:\/\/eskigazeteci.com\/index.php?rest_route=\/wp\/v2\/posts\/1745","targetHints":{"allow":["GET"]}}],"collection":[{"href":"https:\/\/eskigazeteci.com\/index.php?rest_route=\/wp\/v2\/posts"}],"about":[{"href":"https:\/\/eskigazeteci.com\/index.php?rest_route=\/wp\/v2\/types\/post"}],"author":[{"embeddable":true,"href":"https:\/\/eskigazeteci.com\/index.php?rest_route=\/wp\/v2\/users\/2"}],"replies":[{"embeddable":true,"href":"https:\/\/eskigazeteci.com\/index.php?rest_route=%2Fwp%2Fv2%2Fcomments&post=1745"}],"version-history":[{"count":0,"href":"https:\/\/eskigazeteci.com\/index.php?rest_route=\/wp\/v2\/posts\/1745\/revisions"}],"wp:featuredmedia":[{"embeddable":true,"href":"https:\/\/eskigazeteci.com\/index.php?rest_route=\/wp\/v2\/media\/1744"}],"wp:attachment":[{"href":"https:\/\/eskigazeteci.com\/index.php?rest_route=%2Fwp%2Fv2%2Fmedia&parent=1745"}],"wp:term":[{"taxonomy":"category","embeddable":true,"href":"https:\/\/eskigazeteci.com\/index.php?rest_route=%2Fwp%2Fv2%2Fcategories&post=1745"},{"taxonomy":"post_tag","embeddable":true,"href":"https:\/\/eskigazeteci.com\/index.php?rest_route=%2Fwp%2Fv2%2Ftags&post=1745"}],"curies":[{"name":"wp","href":"https:\/\/api.w.org\/{rel}","templated":true}]}}