{"id":1739,"date":"2026-02-12T22:26:44","date_gmt":"2026-02-12T22:26:44","guid":{"rendered":"https:\/\/eskigazeteci.com\/?p=1739"},"modified":"2026-02-12T22:26:44","modified_gmt":"2026-02-12T22:26:44","slug":"istanbul-sahur-vakti-ve-iftar-saati-ramazan-imsakiyesi-2026-diyanet","status":"publish","type":"post","link":"https:\/\/eskigazeteci.com\/?p=1739","title":{"rendered":"\u0130STANBUL SAHUR VAKT\u0130 VE \u0130FTAR SAAT\u0130 &#8211; RAMAZAN \u0130MSAK\u0130YES\u0130 2026 (D\u0130YANET)"},"content":{"rendered":"<p>Namaz vakitlerini H\u00fcrriyet uygulamas\u0131 ile takip edin!<\/p>\n<p>H\u00fcrriyet App<\/p>\n<p>Web<\/p>\n<p>\u0130stanbul sahur saati ka\u00e7ta Ramazan \u0130msakiyesi 2026 Diyanet taraf\u0131ndan yan\u0131t buldu. \u0130slam d\u00fcnyas\u0131nda manevi huzur ve heyecanla beklenen &#x27;On bir ay\u0131n sultan\u0131&#x27; Ramazan-\u0131 \u015eerif 18 \u015eubat \u00c7ar\u015famba ak\u015fam\u0131 k\u0131l\u0131nacak ilk teravih namaz\u0131n\u0131n arkas\u0131ndan, 19 \u015eubat Per\u015fembe g\u00fcn\u00fc tutulacak ilk oru\u00e7 ile ba\u015flayacak. Sahur, oru\u00e7 ve teravih vakitleri i\u00e7in Diyanet Din \u0130\u015fleri Y\u00fcksek Kurulu, &quot;ramazan.diyanet.gov.tr&quot; internet sitesi \u00fczerinden 2026 Ramazan \u0130msakiyesini payla\u015ft\u0131. \u0130lk sahurunu 18 \u015eubat&#x27;\u0131 19 \u015eubat&#x27;a ba\u015flayacak gece yapacak olan vatanda\u015flar da \u0130stanbul sahur saat ka\u00e7ta? \u0130stanbul imsak vakti ne zaman? sorular\u0131na yan\u0131t arayacak. \u0130msakiye bilgilerine g\u00f6re oru\u00e7 ibadetlerine y\u00f6n verecek olanlar, t\u00fcm illerde sahur saatlerine g\u00f6re oruca niyet edecek, iftar vakitlerine g\u00f6re de orucunu a\u00e7acaklar. T\u00fcm illerde sahur saati ve imsak vakti de\u011fi\u015fiklik g\u00f6sterecek. Oru\u00e7, teravih namaz\u0131, fitre, mukabele ve Kur&#x27;an-\u0131 Kerim&#x27;in hatmedilmesi gibi ibadetlerin ifa edildi\u011fi ve ihtiya\u00e7 sahiplerinin her zamankinden daha fazla g\u00f6zetildi\u011fi bu ayda sahur ve iftar saatleri g\u00fcn g\u00fcn de\u011fi\u015fecek. Peki, \u0130stanbul&#x27;da imsak vakti ezan ne zaman okunacak?&#8230;<\/p>\n","protected":false},"excerpt":{"rendered":"<p>Ramazan \u0130msakiyesi 2026 ile \u0130stanbul sahur saati, imsak vakti ve iftar saati belli oldu. Rahmet, bereket ve ma\u011ffiret mevsimi Ramazan ay\u0131 bu sene Diyanet&#8230;<\/p>\n","protected":false},"author":2,"featured_media":1738,"comment_status":"open","ping_status":"open","sticky":false,"template":"","format":"standard","meta":{"footnotes":""},"categories":[8,6,5],"tags":[],"class_list":["post-1739","post","type-post","status-publish","format-standard","has-post-thumbnail","hentry","category-arsiv","category-gundem","category-son-dakika"],"_links":{"self":[{"href":"https:\/\/eskigazeteci.com\/index.php?rest_route=\/wp\/v2\/posts\/1739","targetHints":{"allow":["GET"]}}],"collection":[{"href":"https:\/\/eskigazeteci.com\/index.php?rest_route=\/wp\/v2\/posts"}],"about":[{"href":"https:\/\/eskigazeteci.com\/index.php?rest_route=\/wp\/v2\/types\/post"}],"author":[{"embeddable":true,"href":"https:\/\/eskigazeteci.com\/index.php?rest_route=\/wp\/v2\/users\/2"}],"replies":[{"embeddable":true,"href":"https:\/\/eskigazeteci.com\/index.php?rest_route=%2Fwp%2Fv2%2Fcomments&post=1739"}],"version-history":[{"count":0,"href":"https:\/\/eskigazeteci.com\/index.php?rest_route=\/wp\/v2\/posts\/1739\/revisions"}],"wp:featuredmedia":[{"embeddable":true,"href":"https:\/\/eskigazeteci.com\/index.php?rest_route=\/wp\/v2\/media\/1738"}],"wp:attachment":[{"href":"https:\/\/eskigazeteci.com\/index.php?rest_route=%2Fwp%2Fv2%2Fmedia&parent=1739"}],"wp:term":[{"taxonomy":"category","embeddable":true,"href":"https:\/\/eskigazeteci.com\/index.php?rest_route=%2Fwp%2Fv2%2Fcategories&post=1739"},{"taxonomy":"post_tag","embeddable":true,"href":"https:\/\/eskigazeteci.com\/index.php?rest_route=%2Fwp%2Fv2%2Ftags&post=1739"}],"curies":[{"name":"wp","href":"https:\/\/api.w.org\/{rel}","templated":true}]}}