{"id":1735,"date":"2026-02-12T21:58:16","date_gmt":"2026-02-12T21:58:16","guid":{"rendered":"https:\/\/eskigazeteci.com\/?p=1735"},"modified":"2026-02-12T21:58:16","modified_gmt":"2026-02-12T21:58:16","slug":"antalya-ve-mersinin-bazi-ilcelerinde-egitime-1-gun-ara","status":"publish","type":"post","link":"https:\/\/eskigazeteci.com\/?p=1735","title":{"rendered":"Antalya ve Mersin&#8217;in baz\u0131 il\u00e7elerinde e\u011fitime 1 g\u00fcn ara"},"content":{"rendered":"<p>Ka\u015f, Kumluca, Alanya, Finike, Gazipa\u015fa, Demre ve Kemer kaymakaml\u0131klar\u0131n\u0131n yapt\u0131\u011f\u0131 a\u00e7\u0131klamada, Meteoroloji Genel M\u00fcd\u00fcrl\u00fc\u011f\u00fcnden al\u0131nan son verilere g\u00f6re il\u00e7elerde devam eden ve yar\u0131n etkisini art\u0131rmas\u0131 beklenen \u015fiddetli sa\u011fanak, g\u00f6k g\u00fcr\u00fclt\u00fcl\u00fc sa\u011fanak ve f\u0131rt\u0131na \u015feklindeki olumsuz hava ko\u015fullar\u0131n\u0131n risk olu\u015fturdu\u011fu belirtildi.<\/p>\n<p>Muhtemel sel, su bask\u0131n\u0131, y\u0131ld\u0131r\u0131m, heyelan ve ula\u015f\u0131mda ya\u015fanabilecek aksamalar\u0131n g\u00f6z \u00f6n\u00fcnde bulunduruldu\u011fu kaydedilen a\u00e7\u0131klamada, \u00f6\u011frencilerin ve vatanda\u015flar\u0131n can g\u00fcvenli\u011fini sa\u011flamak amac\u0131yla Milli E\u011fitim Bakanl\u0131\u011f\u0131na ba\u011fl\u0131 resmi ve \u00f6zel t\u00fcm \u00f6rg\u00fcn ve yayg\u0131n e\u011fitim kurumlar\u0131, Kur\u2019an kurslar\u0131, rehabilitasyon merkezleri, kre\u015fler, g\u00fcnd\u00fcz bak\u0131mevleri ve \u00e7ocuk kul\u00fcplerinde bug\u00fcn e\u011fitime 1 g\u00fcn s\u00fcreyle ara verildi\u011fi bildirildi.<\/p>\n<p>A\u00e7\u0131klamada, kamu kurumlar\u0131nda g\u00f6rev yapan hamile, engelli ve a\u011f\u0131r kronik hastal\u0131\u011f\u0131 bulunan personel ile \u00e7ocu\u011fu anaokulu ve kre\u015fe devam eden kad\u0131n personelin ayn\u0131 tarihte idari izinli say\u0131laca\u011f\u0131 aktar\u0131ld\u0131.<\/p>\n<p>MERS\u0130N&#x27;DE 3 \u0130L\u00c7EDE TA\u015eIMALI E\u011e\u0130T\u0130ME 1 G\u00dcN ARA<\/p>\n<p>Meteoroloji Genel M\u00fcd\u00fcrl\u00fc\u011f\u00fc&#x27;n\u00fcn sa\u011fanak ya\u011f\u0131\u015f uyar\u0131s\u0131 verdi\u011fi Mersin &#x27;de ta\u015f\u0131mal\u0131 e\u011fitim etkilendi. Mut, \u00c7aml\u0131yayla ve Tarsus il\u00e7elerinde, \u0130l\u00e7e Milli E\u011fitim M\u00fcd\u00fcrl\u00fcklerince yar\u0131n ta\u015f\u0131mal\u0131&#8230;<\/p>\n","protected":false},"excerpt":{"rendered":"<p>Antalya&#8217;n\u0131n Ka\u015f, Kumluca, Alanya, Finike, Gazipa\u015fa, Demre ve Kemer il\u00e7elerinde etkili olmas\u0131n\u0131 beklenen \u015fiddetli ya\u011f\u0131\u015f ve f\u0131rt\u0131na nedeniyle bug\u00fcn e\u011fitime ara&#8230;<\/p>\n","protected":false},"author":2,"featured_media":1734,"comment_status":"open","ping_status":"open","sticky":false,"template":"","format":"standard","meta":{"footnotes":""},"categories":[8,6,5],"tags":[],"class_list":["post-1735","post","type-post","status-publish","format-standard","has-post-thumbnail","hentry","category-arsiv","category-gundem","category-son-dakika"],"_links":{"self":[{"href":"https:\/\/eskigazeteci.com\/index.php?rest_route=\/wp\/v2\/posts\/1735","targetHints":{"allow":["GET"]}}],"collection":[{"href":"https:\/\/eskigazeteci.com\/index.php?rest_route=\/wp\/v2\/posts"}],"about":[{"href":"https:\/\/eskigazeteci.com\/index.php?rest_route=\/wp\/v2\/types\/post"}],"author":[{"embeddable":true,"href":"https:\/\/eskigazeteci.com\/index.php?rest_route=\/wp\/v2\/users\/2"}],"replies":[{"embeddable":true,"href":"https:\/\/eskigazeteci.com\/index.php?rest_route=%2Fwp%2Fv2%2Fcomments&post=1735"}],"version-history":[{"count":0,"href":"https:\/\/eskigazeteci.com\/index.php?rest_route=\/wp\/v2\/posts\/1735\/revisions"}],"wp:featuredmedia":[{"embeddable":true,"href":"https:\/\/eskigazeteci.com\/index.php?rest_route=\/wp\/v2\/media\/1734"}],"wp:attachment":[{"href":"https:\/\/eskigazeteci.com\/index.php?rest_route=%2Fwp%2Fv2%2Fmedia&parent=1735"}],"wp:term":[{"taxonomy":"category","embeddable":true,"href":"https:\/\/eskigazeteci.com\/index.php?rest_route=%2Fwp%2Fv2%2Fcategories&post=1735"},{"taxonomy":"post_tag","embeddable":true,"href":"https:\/\/eskigazeteci.com\/index.php?rest_route=%2Fwp%2Fv2%2Ftags&post=1735"}],"curies":[{"name":"wp","href":"https:\/\/api.w.org\/{rel}","templated":true}]}}