{"id":1733,"date":"2026-02-12T21:56:43","date_gmt":"2026-02-12T21:56:43","guid":{"rendered":"https:\/\/eskigazeteci.com\/?p=1733"},"modified":"2026-02-12T21:56:43","modified_gmt":"2026-02-12T21:56:43","slug":"ibb-meclisinde-iftar-menulerine-yuzde-2727ye-varan-oranda-zam-yapildi","status":"publish","type":"post","link":"https:\/\/eskigazeteci.com\/?p=1733","title":{"rendered":"\u0130BB Meclisinde iftar men\u00fclerine y\u00fczde 27,27&#8217;ye varan oranda zam yap\u0131ld\u0131"},"content":{"rendered":"<p>\u0130BB Meclisi \u015fubat ay\u0131 toplant\u0131lar\u0131n\u0131n \u00fc\u00e7\u00fcnc\u00fc oturumu, Meclis 2. Ba\u015fkanvekili G\u00f6khan G\u00fcm\u00fc\u015fda\u011f ba\u015fkanl\u0131\u011f\u0131nda Sara\u00e7hane&#x27;deki belediye binas\u0131nda yap\u0131ld\u0131.<\/p>\n<p>Mecliste, &quot;2026 y\u0131l\u0131 \u00dccret Tarifesi&quot; ba\u015fl\u0131kl\u0131 g\u00fcndem maddesi g\u00f6r\u00fc\u015f\u00fcld\u00fc.<\/p>\n<p>G\u00fcndem maddesinde, \u0130BB&#x27;nin d\u00fc\u011f\u00fcn ve davet salonlar\u0131ndaki k\u0131rm\u0131z\u0131 etli iftar men\u00fcs\u00fc fiyat\u0131n\u0131n 550 liradan y\u00fczde 27,27 zamla 700 liraya, beyaz etli iftar men\u00fcs\u00fc fiyat\u0131n\u0131n 400 liradan y\u00fczde 25 zamla 500 liraya, iftariyelik taba\u011f\u0131n\u0131n da 105 liradan y\u00fczde 10 zamla 115 liraya y\u00fckseltilmesi istendi.<\/p>\n<p>Mecliste yap\u0131lan oylamada, g\u00fcndem maddesi kabul edildi.<\/p>\n<p>Zaml\u0131 tarife, imzaland\u0131\u011f\u0131 andan itibaren ge\u00e7erli olacak.<\/p>\n<p>T\u00fcrkiye g\u00fcndeminden son dakika haberleri, bug\u00fcn ya\u015fanan en son geli\u015fmeler, siyaset g\u00fcndeminden g\u00fcncel haberler ve b\u00fct\u00fcn son dakika haberleri i\u00e7in H\u00fcrriyet&#x27;in internet haber sitesi hurriyet.com.tr; Hurriyet.com.tr haber i\u00e7erikleri kaynak g\u00f6sterilmeden al\u0131nt\u0131 yap\u0131lamaz, Kanuna ayk\u0131r\u0131 ve izinsiz olarak kopyalanamaz, ba\u015fka yerde yay\u0131nlanamaz.<\/p>\n","protected":false},"excerpt":{"rendered":"<p>\u0130stanbul B\u00fcy\u00fck\u015fehir Belediye (\u0130BB) Meclisinde, belediyenin d\u00fc\u011f\u00fcn ve davet salonlar\u0131ndaki iftar men\u00fclerine y\u00fczde 27,27&#8217;ye varan oranda zam yap\u0131lmas\u0131&#8230;<\/p>\n","protected":false},"author":2,"featured_media":1732,"comment_status":"open","ping_status":"open","sticky":false,"template":"","format":"standard","meta":{"footnotes":""},"categories":[8,6,5],"tags":[],"class_list":["post-1733","post","type-post","status-publish","format-standard","has-post-thumbnail","hentry","category-arsiv","category-gundem","category-son-dakika"],"_links":{"self":[{"href":"https:\/\/eskigazeteci.com\/index.php?rest_route=\/wp\/v2\/posts\/1733","targetHints":{"allow":["GET"]}}],"collection":[{"href":"https:\/\/eskigazeteci.com\/index.php?rest_route=\/wp\/v2\/posts"}],"about":[{"href":"https:\/\/eskigazeteci.com\/index.php?rest_route=\/wp\/v2\/types\/post"}],"author":[{"embeddable":true,"href":"https:\/\/eskigazeteci.com\/index.php?rest_route=\/wp\/v2\/users\/2"}],"replies":[{"embeddable":true,"href":"https:\/\/eskigazeteci.com\/index.php?rest_route=%2Fwp%2Fv2%2Fcomments&post=1733"}],"version-history":[{"count":0,"href":"https:\/\/eskigazeteci.com\/index.php?rest_route=\/wp\/v2\/posts\/1733\/revisions"}],"wp:featuredmedia":[{"embeddable":true,"href":"https:\/\/eskigazeteci.com\/index.php?rest_route=\/wp\/v2\/media\/1732"}],"wp:attachment":[{"href":"https:\/\/eskigazeteci.com\/index.php?rest_route=%2Fwp%2Fv2%2Fmedia&parent=1733"}],"wp:term":[{"taxonomy":"category","embeddable":true,"href":"https:\/\/eskigazeteci.com\/index.php?rest_route=%2Fwp%2Fv2%2Fcategories&post=1733"},{"taxonomy":"post_tag","embeddable":true,"href":"https:\/\/eskigazeteci.com\/index.php?rest_route=%2Fwp%2Fv2%2Ftags&post=1733"}],"curies":[{"name":"wp","href":"https:\/\/api.w.org\/{rel}","templated":true}]}}