{"id":1731,"date":"2026-02-12T21:36:45","date_gmt":"2026-02-12T21:36:45","guid":{"rendered":"https:\/\/eskigazeteci.com\/?p=1731"},"modified":"2026-02-12T21:36:45","modified_gmt":"2026-02-12T21:36:45","slug":"tartistigi-kiz-arkadasi-ile-annesinin-araclarini-kundakladi-o-anlar-kamerada","status":"publish","type":"post","link":"https:\/\/eskigazeteci.com\/?p=1731","title":{"rendered":"Tart\u0131\u015ft\u0131\u011f\u0131 k\u0131z arkada\u015f\u0131 ile annesinin ara\u00e7lar\u0131n\u0131 kundaklad\u0131! O anlar kamerada"},"content":{"rendered":"<p>Olay, saat 20.00 s\u0131ralar\u0131nda Muratpa\u015fa il\u00e7esi Bay\u0131nd\u0131r Mahallesi 336 sokakta meydana geldi. \u0130ddiaya g\u00f6re H\u00fcseyin A., sokakta tart\u0131\u015ft\u0131\u011f\u0131 k\u0131z arkada\u015f\u0131 ile onun annesine ait 07 AJA 014 plakal\u0131 minib\u00fcs ile 06 BP 973 plakal\u0131 otomobili ate\u015fe verdi. Alevlerin k\u0131sa s\u00fcrede b\u00fcy\u00fcmesi \u00fczerine \u00e7evrede panik ya\u015fan\u0131rken, ara\u00e7larda zaman zaman patlamalar meydana geldi. \u0130hbar \u00fczerine olay yerine polis ve itfaiye ekipleri sevk edildi. \u0130tfaiye ekiplerinin m\u00fcdahalesiyle yang\u0131n kontrol alt\u0131na al\u0131narak s\u00f6nd\u00fcr\u00fcld\u00fc. Kundaklanan her iki ara\u00e7 da yanarak k\u00fcle d\u00f6nd\u00fc.<\/p>\n<p>KONU\u015eMAMA HAKKINI KULLANDI<\/p>\n<p>Polis ekipleri taraf\u0131ndan g\u00f6zalt\u0131na al\u0131nan H\u00fcseyin A.\u2019n\u0131n, k\u0131z arkada\u015f\u0131yla tart\u0131\u015ft\u0131\u011f\u0131n\u0131 iddia etti\u011fi \u00f6\u011frenildi. \u015e\u00fcpheli, ekip arac\u0131na bindirildikten sonra konu\u015fmama hakk\u0131n\u0131 kulland\u0131\u011f\u0131n\u0131 s\u00f6yledi. Yang\u0131n ve ara\u00e7larda ya\u015fanan patlama anlar\u0131 ise \u00e7evredeki vatanda\u015flar\u0131n cep telefonu kameralar\u0131na yans\u0131d\u0131.<\/p>\n<p>Olayla ilgili soru\u015fturma s\u00fcr\u00fcyor.<\/p>\n<p>T\u00fcrkiye g\u00fcndeminden son dakika haberleri, bug\u00fcn ya\u015fanan en son geli\u015fmeler, siyaset g\u00fcndeminden g\u00fcncel haberler ve b\u00fct\u00fcn son dakika haberleri i\u00e7in H\u00fcrriyet&#x27;in internet haber sitesi hurriyet.com.tr; Hurriyet.com.tr haber i\u00e7erikleri kaynak g\u00f6sterilmeden al\u0131nt\u0131 yap\u0131lamaz, Kanuna ayk\u0131r\u0131 ve&#8230;<\/p>\n","protected":false},"excerpt":{"rendered":"<p>Antalya&#8217;n\u0131n Muratpa\u015fa il\u00e7esinde bir ki\u015fi, tart\u0131\u015ft\u0131\u011f\u0131n\u0131 \u00f6ne s\u00fcrd\u00fc\u011f\u00fc sevgilisi ile annesine ait 2 arac\u0131 kundaklad\u0131. \u00c7evredeki vatanda\u015flar\u0131n cep telefonu ile&#8230;<\/p>\n","protected":false},"author":2,"featured_media":1730,"comment_status":"open","ping_status":"open","sticky":false,"template":"","format":"standard","meta":{"footnotes":""},"categories":[8,6,5],"tags":[],"class_list":["post-1731","post","type-post","status-publish","format-standard","has-post-thumbnail","hentry","category-arsiv","category-gundem","category-son-dakika"],"_links":{"self":[{"href":"https:\/\/eskigazeteci.com\/index.php?rest_route=\/wp\/v2\/posts\/1731","targetHints":{"allow":["GET"]}}],"collection":[{"href":"https:\/\/eskigazeteci.com\/index.php?rest_route=\/wp\/v2\/posts"}],"about":[{"href":"https:\/\/eskigazeteci.com\/index.php?rest_route=\/wp\/v2\/types\/post"}],"author":[{"embeddable":true,"href":"https:\/\/eskigazeteci.com\/index.php?rest_route=\/wp\/v2\/users\/2"}],"replies":[{"embeddable":true,"href":"https:\/\/eskigazeteci.com\/index.php?rest_route=%2Fwp%2Fv2%2Fcomments&post=1731"}],"version-history":[{"count":0,"href":"https:\/\/eskigazeteci.com\/index.php?rest_route=\/wp\/v2\/posts\/1731\/revisions"}],"wp:featuredmedia":[{"embeddable":true,"href":"https:\/\/eskigazeteci.com\/index.php?rest_route=\/wp\/v2\/media\/1730"}],"wp:attachment":[{"href":"https:\/\/eskigazeteci.com\/index.php?rest_route=%2Fwp%2Fv2%2Fmedia&parent=1731"}],"wp:term":[{"taxonomy":"category","embeddable":true,"href":"https:\/\/eskigazeteci.com\/index.php?rest_route=%2Fwp%2Fv2%2Fcategories&post=1731"},{"taxonomy":"post_tag","embeddable":true,"href":"https:\/\/eskigazeteci.com\/index.php?rest_route=%2Fwp%2Fv2%2Ftags&post=1731"}],"curies":[{"name":"wp","href":"https:\/\/api.w.org\/{rel}","templated":true}]}}