{"id":1727,"date":"2026-02-12T21:16:40","date_gmt":"2026-02-12T21:16:40","guid":{"rendered":"https:\/\/eskigazeteci.com\/?p=1727"},"modified":"2026-02-12T21:16:40","modified_gmt":"2026-02-12T21:16:40","slug":"gunumuz-dunyasina-gore-halkali-gunes-tutulmasi-2026-saati","status":"publish","type":"post","link":"https:\/\/eskigazeteci.com\/?p=1727","title":{"rendered":"G\u00fcn\u00fcm\u00fcz D\u00fcnyas\u0131na G\u00f6re Halkal\u0131 G\u00fcne\u015f Tutulmas\u0131 2026 Saati"},"content":{"rendered":"<p>2026 y\u0131l\u0131n\u0131n \u00f6nemli g\u00f6k olaylar\u0131ndan olan Halkal\u0131 G\u00fcne\u015f tutulmas\u0131, 17 \u015eubat 2026 Sal\u0131 g\u00fcn\u00fc saat 19.46&#x27;da ger\u00e7ekle\u015fecek. Bu tarihi ve konu hakk\u0131nda ayr\u0131nt\u0131lar.<\/p>\n","protected":false},"excerpt":{"rendered":"<p>Halkal\u0131 G\u00fcne\u015f Tutulmas\u0131<\/p>\n","protected":false},"author":2,"featured_media":1726,"comment_status":"open","ping_status":"open","sticky":false,"template":"","format":"standard","meta":{"footnotes":""},"categories":[8,6,5],"tags":[],"class_list":["post-1727","post","type-post","status-publish","format-standard","has-post-thumbnail","hentry","category-arsiv","category-gundem","category-son-dakika"],"_links":{"self":[{"href":"https:\/\/eskigazeteci.com\/index.php?rest_route=\/wp\/v2\/posts\/1727","targetHints":{"allow":["GET"]}}],"collection":[{"href":"https:\/\/eskigazeteci.com\/index.php?rest_route=\/wp\/v2\/posts"}],"about":[{"href":"https:\/\/eskigazeteci.com\/index.php?rest_route=\/wp\/v2\/types\/post"}],"author":[{"embeddable":true,"href":"https:\/\/eskigazeteci.com\/index.php?rest_route=\/wp\/v2\/users\/2"}],"replies":[{"embeddable":true,"href":"https:\/\/eskigazeteci.com\/index.php?rest_route=%2Fwp%2Fv2%2Fcomments&post=1727"}],"version-history":[{"count":0,"href":"https:\/\/eskigazeteci.com\/index.php?rest_route=\/wp\/v2\/posts\/1727\/revisions"}],"wp:featuredmedia":[{"embeddable":true,"href":"https:\/\/eskigazeteci.com\/index.php?rest_route=\/wp\/v2\/media\/1726"}],"wp:attachment":[{"href":"https:\/\/eskigazeteci.com\/index.php?rest_route=%2Fwp%2Fv2%2Fmedia&parent=1727"}],"wp:term":[{"taxonomy":"category","embeddable":true,"href":"https:\/\/eskigazeteci.com\/index.php?rest_route=%2Fwp%2Fv2%2Fcategories&post=1727"},{"taxonomy":"post_tag","embeddable":true,"href":"https:\/\/eskigazeteci.com\/index.php?rest_route=%2Fwp%2Fv2%2Ftags&post=1727"}],"curies":[{"name":"wp","href":"https:\/\/api.w.org\/{rel}","templated":true}]}}