{"id":1725,"date":"2026-02-12T21:06:42","date_gmt":"2026-02-12T21:06:42","guid":{"rendered":"https:\/\/eskigazeteci.com\/?p=1725"},"modified":"2026-02-12T21:06:42","modified_gmt":"2026-02-12T21:06:42","slug":"inci-tanelerinde-heyecan-dorukta-sen-artik-benim-kardesimsin","status":"publish","type":"post","link":"https:\/\/eskigazeteci.com\/?p=1725","title":{"rendered":"\u0130nci Taneleri&#8217;nde heyecan dorukta! &#8216;Sen art\u0131k benim karde\u015fimsin&#8217;"},"content":{"rendered":"<p>AZEM\u2019\u0130N KAYBI EMN\u0130YET\u0130 HAREKETE GE\u00c7\u0130RD\u0130<\/p>\n<p>Azem\u2019in kay\u0131p ilan\u0131n\u0131 g\u00f6ren eski \u00f6\u011frencisi ve emniyet m\u00fcd\u00fcr\u00fc Erman, solu\u011fu Palas Otel\u2019de ald\u0131. Otelde Azem\u2019in ba\u015f\u0131na gelenleri \u00f6\u011frenen Erman, olay\u0131n d\u00fc\u015f\u00fcnd\u00fc\u011f\u00fcnden daha karma\u015f\u0131k oldu\u011funu fark etti.<\/p>\n<p>Bu s\u0131rada Cihan\u2019\u0131 ka\u00e7\u0131ran Reyyaz, \u201cBiraz mant\u0131kl\u0131 bir insan olsayd\u0131n, seni bir evlat gibi sevebilirdim\u201d diyerek Cihan\u2019\u0131 uyard\u0131. Azem\u2019i \u00f6ld\u00fcrmedi\u011fini savunan Reyyaz, \u201cBaban\u0131n ba\u015f\u0131na ne geldiyse sorumlusu ben de\u011filim, sensin\u201d s\u00f6zleriyle Cihan\u2019\u0131 su\u00e7lad\u0131.<\/p>\n<p>EL\u0130F\u2019TEN \u015eOK \u0130T\u0130RAF: \u201cHAM\u0130LEY\u0130M\u201d<\/p>\n<p>Gerilimin dozu artarken Reyyaz\u2019\u0131n k\u0131z\u0131 Elif, Cihan\u2019\u0131 arad\u0131. Telefonu a\u00e7an Cihan, Elif\u2019in \u201cBen hamileyim\u201d s\u00f6zleriyle b\u00fcy\u00fck bir \u015fok ya\u015fad\u0131. Bu itirafa kulak misafiri olan Reyyaz ise ne yapaca\u011f\u0131n\u0131 \u015fa\u015f\u0131rd\u0131.<\/p>\n<p>\u00d6fkesine h\u00e2kim olamayan Reyyaz, Cihan\u2019\u0131 tehdit ederek \u201cBu gereksiz hamilelik i\u015finden kurtulacaks\u0131n ve k\u0131z\u0131mdan uzak duracaks\u0131n\u201d dedi. Cihan\u2019\u0131 serbest b\u0131rakt\u0131.<\/p>\n<p>Cihan ise Elif\u2019le y\u00fcz y\u00fcze konu\u015ftu. Elif, \u00e7ocu\u011fu do\u011furmaya kararl\u0131 oldu\u011funu belirterek, \u201cAld\u0131rmak i\u00e7in \u00e7ok ge\u00e7. Bu \u00e7ocu\u011fu do\u011furaca\u011f\u0131m. Sen hi\u00e7bir \u015fey yapmak zorunda de\u011filsin\u201d dedi. B\u00fcy\u00fck bir \u015fok ya\u015fayan Cihan, ne s\u00f6yleyece\u011fini bilemedi.<\/p>\n<p>D\u0130LBER\u2019\u0130N YILLAR SONRA GELEN \u0130T\u0130RAFI<\/p>\n<p>Dilber, \u0130zzet\u2019e \u0130stanbul\u2019a ilk&#8230;<\/p>\n","protected":false},"excerpt":{"rendered":"<p>\u0130nci Taneleri&#8217;nde Azem\u2019in kaybolu\u015funun ard\u0131ndaki s\u0131r perdesi aralan\u0131rken; Cihan ka\u00e7\u0131r\u0131ld\u0131, Elif\u2019in hamilelik itiraf\u0131 ortal\u0131\u011f\u0131 kar\u0131\u015ft\u0131rd\u0131. Y\u0131llar sonra ortaya&#8230;<\/p>\n","protected":false},"author":2,"featured_media":1724,"comment_status":"open","ping_status":"open","sticky":false,"template":"","format":"standard","meta":{"footnotes":""},"categories":[8,6,5],"tags":[],"class_list":["post-1725","post","type-post","status-publish","format-standard","has-post-thumbnail","hentry","category-arsiv","category-gundem","category-son-dakika"],"_links":{"self":[{"href":"https:\/\/eskigazeteci.com\/index.php?rest_route=\/wp\/v2\/posts\/1725","targetHints":{"allow":["GET"]}}],"collection":[{"href":"https:\/\/eskigazeteci.com\/index.php?rest_route=\/wp\/v2\/posts"}],"about":[{"href":"https:\/\/eskigazeteci.com\/index.php?rest_route=\/wp\/v2\/types\/post"}],"author":[{"embeddable":true,"href":"https:\/\/eskigazeteci.com\/index.php?rest_route=\/wp\/v2\/users\/2"}],"replies":[{"embeddable":true,"href":"https:\/\/eskigazeteci.com\/index.php?rest_route=%2Fwp%2Fv2%2Fcomments&post=1725"}],"version-history":[{"count":0,"href":"https:\/\/eskigazeteci.com\/index.php?rest_route=\/wp\/v2\/posts\/1725\/revisions"}],"wp:featuredmedia":[{"embeddable":true,"href":"https:\/\/eskigazeteci.com\/index.php?rest_route=\/wp\/v2\/media\/1724"}],"wp:attachment":[{"href":"https:\/\/eskigazeteci.com\/index.php?rest_route=%2Fwp%2Fv2%2Fmedia&parent=1725"}],"wp:term":[{"taxonomy":"category","embeddable":true,"href":"https:\/\/eskigazeteci.com\/index.php?rest_route=%2Fwp%2Fv2%2Fcategories&post=1725"},{"taxonomy":"post_tag","embeddable":true,"href":"https:\/\/eskigazeteci.com\/index.php?rest_route=%2Fwp%2Fv2%2Ftags&post=1725"}],"curies":[{"name":"wp","href":"https:\/\/api.w.org\/{rel}","templated":true}]}}