{"id":1723,"date":"2026-02-12T20:59:44","date_gmt":"2026-02-12T20:59:44","guid":{"rendered":"https:\/\/eskigazeteci.com\/?p=1723"},"modified":"2026-02-12T20:59:44","modified_gmt":"2026-02-12T20:59:44","slug":"turkiye-ile-suriye-arasinda-iletisim-alaninda-koordinasyon-mekanizmasi-kurulacak","status":"publish","type":"post","link":"https:\/\/eskigazeteci.com\/?p=1723","title":{"rendered":"T\u00fcrkiye ile Suriye aras\u0131nda ileti\u015fim alan\u0131nda koordinasyon mekanizmas\u0131 kurulacak"},"content":{"rendered":"<p>T\u00fcrkiye&#x27;nin \u015eam B\u00fcy\u00fckel\u00e7isi Nuh Y\u0131lmaz ile Cumhurba\u015fkanl\u0131\u011f\u0131 \u0130leti\u015fim Ba\u015fkan Yard\u0131mc\u0131s\u0131 Pirin\u00e7\u00e7i&#x27;nin bulundu\u011fu bir heyet, ba\u015fkent \u015eam&#x27;da Suriye Enformasyon Bakan\u0131 Hamza Mustafa ile bir araya geldi.<\/p>\n<p>G\u00f6r\u00fc\u015fmede, iki \u00fclke aras\u0131nda ileti\u015fim alan\u0131ndaki ortak \u00e7al\u0131\u015fmalar ve kurumsal i\u015fbirli\u011finin g\u00fc\u00e7lendirilmesi konular\u0131 ele al\u0131nd\u0131.<\/p>\n<p>B\u00dcY\u00dcKEL\u00c7\u0130 YILMAZ: &quot;SUR\u0130YE YO\u011eUN DEZENFORMASYON KAMPANYALARINA MARUZ KALDI&quot;<\/p>\n<p>Pirin\u00e7\u00e7i ve Y\u0131lmaz, Suriye Enformasyon Bakan\u0131 ile ger\u00e7ekle\u015ftirdikleri g\u00f6r\u00fc\u015fmenin ard\u0131ndan Uluslararas\u0131 \u015eam Kitap Fuar\u0131&#x27;n\u0131 ziyaret etti.<\/p>\n<p>B\u00fcy\u00fckel\u00e7i Y\u0131lmaz, Uluslararas\u0131 \u015eam Kitap Fuar\u0131&#x27;nda AA muhabirine yapt\u0131\u011f\u0131 a\u00e7\u0131klamada, Suriye&#x27;nin b\u00fcy\u00fck bir i\u00e7 sava\u015f\u0131n ard\u0131ndan \u00f6nemli bir e\u015fikten ge\u00e7ti\u011fini ve devletin kademeli olarak toparlanma s\u00fcrecine girdi\u011fini s\u00f6yledi.<\/p>\n<p>Bu s\u00fcre\u00e7te kar\u015f\u0131la\u015f\u0131lan en \u00f6nemli sorunlardan birinin ileti\u015fim alan\u0131ndaki eksiklikler oldu\u011funu belirten Y\u0131lmaz, \u00f6zellikle ter\u00f6r \u00f6rg\u00fct\u00fc PKK ile y\u00fcr\u00fct\u00fclen m\u00fccadele s\u0131ras\u0131nda Suriye&#x27;nin yo\u011fun dezenformasyon kampanyalar\u0131na maruz kald\u0131\u011f\u0131n\u0131 ifade etti.<\/p>\n<p>Y\u0131lmaz, dezenformasyonun yaln\u0131zca g\u00fcvenlik alan\u0131yla s\u0131n\u0131rl\u0131 kalmad\u0131\u011f\u0131n\u0131, sahil b\u00f6lgesi ve S\u00fcveyda&#x27;da ya\u015fanan geli\u015fmelerin do\u011fru ve etkili bi\u00e7imde anlat\u0131lmas\u0131 konusunda da ciddi s\u0131k\u0131nt\u0131lar&#8230;<\/p>\n","protected":false},"excerpt":{"rendered":"<p>Cumhurba\u015fkanl\u0131\u011f\u0131 \u0130leti\u015fim Ba\u015fkan Yard\u0131mc\u0131s\u0131 Ferhat Pirin\u00e7\u00e7i, T\u00fcrkiye ile Suriye aras\u0131nda ileti\u015fim alan\u0131nda k\u00f6pr\u00fc g\u00f6revi g\u00f6recek ve 7\/24 esas\u0131na g\u00f6re&#8230;<\/p>\n","protected":false},"author":2,"featured_media":1722,"comment_status":"open","ping_status":"open","sticky":false,"template":"","format":"standard","meta":{"footnotes":""},"categories":[8,6,5],"tags":[],"class_list":["post-1723","post","type-post","status-publish","format-standard","has-post-thumbnail","hentry","category-arsiv","category-gundem","category-son-dakika"],"_links":{"self":[{"href":"https:\/\/eskigazeteci.com\/index.php?rest_route=\/wp\/v2\/posts\/1723","targetHints":{"allow":["GET"]}}],"collection":[{"href":"https:\/\/eskigazeteci.com\/index.php?rest_route=\/wp\/v2\/posts"}],"about":[{"href":"https:\/\/eskigazeteci.com\/index.php?rest_route=\/wp\/v2\/types\/post"}],"author":[{"embeddable":true,"href":"https:\/\/eskigazeteci.com\/index.php?rest_route=\/wp\/v2\/users\/2"}],"replies":[{"embeddable":true,"href":"https:\/\/eskigazeteci.com\/index.php?rest_route=%2Fwp%2Fv2%2Fcomments&post=1723"}],"version-history":[{"count":0,"href":"https:\/\/eskigazeteci.com\/index.php?rest_route=\/wp\/v2\/posts\/1723\/revisions"}],"wp:featuredmedia":[{"embeddable":true,"href":"https:\/\/eskigazeteci.com\/index.php?rest_route=\/wp\/v2\/media\/1722"}],"wp:attachment":[{"href":"https:\/\/eskigazeteci.com\/index.php?rest_route=%2Fwp%2Fv2%2Fmedia&parent=1723"}],"wp:term":[{"taxonomy":"category","embeddable":true,"href":"https:\/\/eskigazeteci.com\/index.php?rest_route=%2Fwp%2Fv2%2Fcategories&post=1723"},{"taxonomy":"post_tag","embeddable":true,"href":"https:\/\/eskigazeteci.com\/index.php?rest_route=%2Fwp%2Fv2%2Ftags&post=1723"}],"curies":[{"name":"wp","href":"https:\/\/api.w.org\/{rel}","templated":true}]}}