{"id":1721,"date":"2026-02-12T20:58:11","date_gmt":"2026-02-12T20:58:11","guid":{"rendered":"https:\/\/eskigazeteci.com\/?p=1721"},"modified":"2026-02-12T20:58:11","modified_gmt":"2026-02-12T20:58:11","slug":"cumhurbaskani-yardimcisi-cevdet-yilmaz-kibris-turkunun-haklarini-savunmaya-devam-edecegiz","status":"publish","type":"post","link":"https:\/\/eskigazeteci.com\/?p=1721","title":{"rendered":"Cumhurba\u015fkan\u0131 Yard\u0131mc\u0131s\u0131 Cevdet Y\u0131lmaz: K\u0131br\u0131s T\u00fcrk&#8217;\u00fcn\u00fcn haklar\u0131n\u0131 savunmaya devam edece\u011fiz"},"content":{"rendered":"<p>Cumhurba\u015fkan\u0131 Yard\u0131mc\u0131s\u0131 Cevdet Y\u0131lmaz , KKTC Ba\u015fbakan\u0131 \u00dcnal \u00dcstel ve beraberindeki heyet ile Cumhurba\u015fkan\u0131 Yard\u0131mc\u0131l\u0131\u011f\u0131 konutunda bir araya geldi. Burada konu\u015fan Cevdet Y\u0131lmaz, &quot;Bug\u00fcn ekonomik-mali i\u015fbirli\u011fi protokol\u00fcm\u00fcz kapsam\u0131nda \u00f6nemli de\u011ferlendirmeler yapt\u0131k. Bizim amac\u0131m\u0131z a\u00e7\u0131k ve nettir. Biz Kuzey K\u0131br\u0131s T\u00fcrk Cumhuriyeti&#x27;ni \u00e7ok daha m\u00fcreffeh, g\u00fc\u00e7l\u00fc yar\u0131nlara ta\u015f\u0131mak istiyoruz&quot; ifadelerini kulland\u0131.<\/p>\n<p>&quot;KIBRIS T\u00dcRK&#x27;\u00dcN\u00dcN HAKLARINI SAVUNMAYA DEVAM EDECE\u011e\u0130Z&quot;<\/p>\n<p>Y\u0131lmaz, KKTC\u2019nin kendine yetebilen, k\u00fcresel \u015fartlara uyumlu, rekabet\u00e7i ve s\u00fcrd\u00fcr\u00fclebilir bir ekonomik d\u00fczene sahip olabilmesi hedefi do\u011frultusunda proje ve eylemleri olu\u015fturduklar\u0131n\u0131 ifade ederek, &quot;En ge\u00e7 mart sonu bu \u00e7al\u0131\u015fmalar\u0131 sonland\u0131raca\u011f\u0131m\u0131z\u0131 ve yeni bir ekonomik, iktisadi, mali i\u015fbirli\u011fi \u00e7er\u00e7evesi olu\u015fturaca\u011f\u0131m\u0131z\u0131 ifade edebiliriz. \u015eu anda i\u015fbirli\u011fimizde herhangi bir sorun, s\u0131k\u0131nt\u0131 yok. Dolay\u0131s\u0131yla mart sonuna kadar bir \u00e7er\u00e7eveyi kar\u015f\u0131l\u0131kl\u0131 olarak \u015fekillendirdi\u011fimizde rahatl\u0131kla yolumuza kesintisiz bir \u015fekilde devam etmi\u015f olaca\u011f\u0131z&quot; dedi.<\/p>\n<p>Y\u0131lmaz, &quot;Mevcut i\u015fbirli\u011fi protokol\u00fcm\u00fcz\u00fc de \u00e7ok etkili bir \u015fekilde hayata ge\u00e7irdi\u011fimizi ve bug\u00fcne kadar ki en b\u00fcy\u00fck mali program\u0131 b\u00fcy\u00fck oranda bir ger\u00e7ekle\u015fmeyle hayata ge\u00e7irdi\u011fimizi&#8230;<\/p>\n","protected":false},"excerpt":{"rendered":"<p>K\u0131br\u0131s T\u00fcrk Cumhuriyeti (KKTC) Ba\u015fbakan\u0131 \u00dcnal \u00dcstel ile bir araya gelen Cumhurba\u015fkan\u0131 Yard\u0131mc\u0131s\u0131 Cevdet Y\u0131lmaz, Kuzey K\u0131br\u0131s T\u00fcrk Cumhuriyeti&#8217;nin ve K\u0131br\u0131s&#8230;<\/p>\n","protected":false},"author":2,"featured_media":1720,"comment_status":"open","ping_status":"open","sticky":false,"template":"","format":"standard","meta":{"footnotes":""},"categories":[8,6,5],"tags":[],"class_list":["post-1721","post","type-post","status-publish","format-standard","has-post-thumbnail","hentry","category-arsiv","category-gundem","category-son-dakika"],"_links":{"self":[{"href":"https:\/\/eskigazeteci.com\/index.php?rest_route=\/wp\/v2\/posts\/1721","targetHints":{"allow":["GET"]}}],"collection":[{"href":"https:\/\/eskigazeteci.com\/index.php?rest_route=\/wp\/v2\/posts"}],"about":[{"href":"https:\/\/eskigazeteci.com\/index.php?rest_route=\/wp\/v2\/types\/post"}],"author":[{"embeddable":true,"href":"https:\/\/eskigazeteci.com\/index.php?rest_route=\/wp\/v2\/users\/2"}],"replies":[{"embeddable":true,"href":"https:\/\/eskigazeteci.com\/index.php?rest_route=%2Fwp%2Fv2%2Fcomments&post=1721"}],"version-history":[{"count":0,"href":"https:\/\/eskigazeteci.com\/index.php?rest_route=\/wp\/v2\/posts\/1721\/revisions"}],"wp:featuredmedia":[{"embeddable":true,"href":"https:\/\/eskigazeteci.com\/index.php?rest_route=\/wp\/v2\/media\/1720"}],"wp:attachment":[{"href":"https:\/\/eskigazeteci.com\/index.php?rest_route=%2Fwp%2Fv2%2Fmedia&parent=1721"}],"wp:term":[{"taxonomy":"category","embeddable":true,"href":"https:\/\/eskigazeteci.com\/index.php?rest_route=%2Fwp%2Fv2%2Fcategories&post=1721"},{"taxonomy":"post_tag","embeddable":true,"href":"https:\/\/eskigazeteci.com\/index.php?rest_route=%2Fwp%2Fv2%2Ftags&post=1721"}],"curies":[{"name":"wp","href":"https:\/\/api.w.org\/{rel}","templated":true}]}}